{"id":1654,"date":"2026-08-19T06:50:00","date_gmt":"2026-08-19T04:50:00","guid":{"rendered":"http:\/\/www.slownews.it\/senigalliaelesuevalli\/?p=1654"},"modified":"2026-08-21T14:30:33","modified_gmt":"2026-08-21T12:30:33","slug":"ostra-vetere-2-larea-archeologica-delle-muracce-la-casa-di-terra-cruda-la-madonna-della-fiducia","status":"publish","type":"post","link":"https:\/\/www.slownews.it\/senigalliaelesuevalli\/2026\/08\/19\/ostra-vetere-2-larea-archeologica-delle-muracce-la-casa-di-terra-cruda-la-madonna-della-fiducia\/","title":{"rendered":"OSTRA VETERE\/2 L\u2019AREA ARCHEOLOGICA DI OSTRA ANTICA (LE MURACCE), LA CASA DI TERRA CRUDA, LA MADONNA DELLA FIDUCIA"},"content":{"rendered":"\n<p class=\"wp-block-paragraph\"><strong>la Voce Misena<\/strong><\/p>\n\n\n\n<p class=\"wp-block-paragraph\">26 giugno 2014<\/p>\n\n\n\n<p class=\"wp-block-paragraph\">10 settembre 2015<\/p>\n\n\n\n<p class=\"wp-block-paragraph\"><strong>Corriere Adriatico<\/strong><\/p>\n\n\n\n<p class=\"wp-block-paragraph\">18 agosto 2018<\/p>\n\n\n\n<p class=\"wp-block-paragraph\"><strong>due passi in collina<\/strong><\/p>\n\n\n\n<p class=\"wp-block-paragraph\">Pongelli curiosit\u00e0 di \u2018campagna\u2019<\/p>\n\n\n\n<p class=\"wp-block-paragraph\"><strong>ITINERARI<\/strong><\/p>\n\n\n\n<p class=\"wp-block-paragraph\">La piccola frazione di <strong>Pongelli di Ostra Vetere<\/strong> custodisce l&#8217;area archeologica di <strong>Ostra Antica<\/strong> denominata <strong>&#8216;Le Muracce&#8217;<\/strong> e architetture molto originali. Con brevi deviazioni avremo modo di visitare tre diversi tipi di edifici che coprono ben 2.000 anni di storia.<\/p>\n\n\n\n<p class=\"wp-block-paragraph\">Provenendo da Senigallia, dopo aver passato <strong>il bivio per Ostra Vetere<\/strong> sull&#8217;Arceviese e aver percorso qualche chilometro, si volta a sinistra, all\u2019altezza di una <strong>colonna romana<\/strong>, e verso il fiume si arriva alle <strong>Muracce<\/strong>.<\/p>\n\n\n\n<figure class=\"wp-block-image size-full\"><img loading=\"lazy\" decoding=\"async\" width=\"800\" height=\"520\" src=\"https:\/\/www.slownews.it\/senigalliaelesuevalli\/wp-content\/uploads\/2022\/04\/veduta_aerea-Ostra-antica-Foro-Tempio-e-Chiesa.jpg\" alt=\"Veduta aerea Ostra antica Foro, Tempio e Chiesa\" class=\"wp-image-3274\" srcset=\"https:\/\/www.slownews.it\/senigalliaelesuevalli\/wp-content\/uploads\/2022\/04\/veduta_aerea-Ostra-antica-Foro-Tempio-e-Chiesa.jpg 800w, https:\/\/www.slownews.it\/senigalliaelesuevalli\/wp-content\/uploads\/2022\/04\/veduta_aerea-Ostra-antica-Foro-Tempio-e-Chiesa-300x195.jpg 300w, https:\/\/www.slownews.it\/senigalliaelesuevalli\/wp-content\/uploads\/2022\/04\/veduta_aerea-Ostra-antica-Foro-Tempio-e-Chiesa-768x499.jpg 768w\" sizes=\"auto, (max-width: 800px) 100vw, 800px\" \/><figcaption class=\"wp-element-caption\">Veduta aerea Ostra antica Foro, Tempio e Chiesa<\/figcaption><\/figure>\n\n\n\n<p class=\"wp-block-paragraph\"><strong>S<\/strong>i tratta di uno scavo ancora in corso da parte dell\u2019Universit\u00e9 Clermont-Auvergne, Clermont-Ferrand sotto la direzione dalla archeologa <strong>Carlotta Franceschelli<\/strong> che ogni estate per circa un mese guida sul posto i suoi studenti dal 2019.<\/p>\n\n\n\n<p class=\"wp-block-paragraph\"> Dal 2006 al 2018 gli scavi furono condotti dell&#8217;<strong>Universit\u00e0 di Bologna<\/strong>, la cui direzione sul terreno era assicurata dal professor <strong>Pier Luigi Dall&#8217;Aglio<\/strong>.<\/p>\n\n\n\n<p class=\"wp-block-paragraph\">La archeologa <strong>Carlotta Franceschelli<\/strong>l dell\u2019Universit\u00e9 Clermont-Auvergne, Clermont-Ferrand) ha anticipato al <strong>Corriere Adriatico<\/strong> un articolo che presenta una prima sintesi dei lavori sullo scavo di <strong>Ostra antica<\/strong> (Ostra Vetere), in attesa di pubblicare il volume con <strong>il punto sulle prime 12 campagne di scavo<\/strong>.<\/p>\n\n\n\n<p class=\"wp-block-paragraph\">\u00abCon la <strong>battaglia di <\/strong><em>Sentinum<\/em> (<strong>Sassoferrato<\/strong>) del 295 a.C. e la definitiva sconfitta dei Galli Senoni, Roma si assicura il controllo delle Marche settentrionali e, in particolare, della valle del <strong>Fiume Misa<\/strong>, che ha da sempre costituito un importante corridoio naturale di collegamento tra l&#8217;entroterra e la costa.<\/p>\n\n\n\n<p class=\"wp-block-paragraph\">Proprio alla foce del Misa, nel 284 a.C. i Romani fondano la citt\u00e0 di <strong><em>Sena Gallica<\/em><\/strong> (<strong>Senigallia<\/strong>), la prima colonia romana del settore medio-adriatico, e le nuove terre conquistate lungo l&#8217;intera valle vengono riorganizzate e assegnate a dei coloni (a seguito della<em> <\/em><strong><em>Lex Flaminia de agro Gallico et Piceno viritim dividundo<\/em>, del 232 a.C.<\/strong>).<\/p>\n\n\n\n<p class=\"wp-block-paragraph\">Alla fine del III secolo a.c., nasce un primo nucleo di case lungo la strada che, correndo sulla sinistra del fiume, univa <em><strong>Sena Gallica<\/strong><\/em> a <em><strong>Sentinum<\/strong><\/em>. Si tratta di strutture di servizio tra cui emergono delle forge per la lavorazione del ferro relative a botteghe di fabbro.<\/p>\n\n\n\n<p class=\"wp-block-paragraph\">Nei nuovi territori colonizzati nascono poi altri &#8220;centri di servizio&#8221;, come le praefecturae, dove i magistrati inviati da Roma amministravano la giustizia.<\/p>\n\n\n\n<figure class=\"wp-block-image size-large\"><img loading=\"lazy\" decoding=\"async\" width=\"800\" height=\"520\" src=\"https:\/\/www.slownews.it\/senigalliaelesuevalli\/wp-content\/uploads\/2020\/04\/Ostra-Antica-scavo-archeologico-Le-Muracce.jpg\" alt=\"\" class=\"wp-image-1685\" srcset=\"https:\/\/www.slownews.it\/senigalliaelesuevalli\/wp-content\/uploads\/2020\/04\/Ostra-Antica-scavo-archeologico-Le-Muracce.jpg 800w, https:\/\/www.slownews.it\/senigalliaelesuevalli\/wp-content\/uploads\/2020\/04\/Ostra-Antica-scavo-archeologico-Le-Muracce-300x195.jpg 300w, https:\/\/www.slownews.it\/senigalliaelesuevalli\/wp-content\/uploads\/2020\/04\/Ostra-Antica-scavo-archeologico-Le-Muracce-768x499.jpg 768w\" sizes=\"auto, (max-width: 800px) 100vw, 800px\" \/><figcaption class=\"wp-element-caption\">Ostra Antica scavo archeologico &#8216;Le Muracce&#8217;, Tempio su podio vista laterale <\/figcaption><\/figure>\n\n\n\n<p class=\"wp-block-paragraph\">Per costruire la citt\u00e0 i Romani scelsero l&#8217;ampio terrazzo alluvionale di fondovalle oggi compreso tra il Misa e la Strada Arceviese tra i chilometri 18 e 20. <\/p>\n\n\n\n<p class=\"wp-block-paragraph\"><strong>Cos\u00ec Otra<\/strong> nasce nella media valle del Misa, <strong>sfruttando la pianu<\/strong>ra <strong>pi\u00f9 grande che si incontra alla sinistra del fiume tra Arcevia e Senigallia<\/strong>.<\/p>\n\n\n\n<p class=\"wp-block-paragraph\">Tale scelta non fu certo casuale: l&#8217;ampiezza del ripiano consentiva infatti di realizzare e disegnare gli spazi e le strutture necessari alla vita stessa della citt\u00e0: dal <strong>foro<\/strong>, al <strong>teatro<\/strong>, dalle <strong>terme<\/strong> alle <strong>case di abitazione<\/strong>, che, come noto, in et\u00e0 romana si sviluppavano pi\u00f9 in pianta che in altezza.<\/p>\n\n\n\n<figure class=\"wp-block-image size-large\"><img loading=\"lazy\" decoding=\"async\" width=\"800\" height=\"600\" src=\"https:\/\/www.slownews.it\/senigalliaelesuevalli\/wp-content\/uploads\/2020\/04\/Ostra-Antica-scavo-archeologico-Le-Muracce-3.jpg\" alt=\"\" class=\"wp-image-1686\" srcset=\"https:\/\/www.slownews.it\/senigalliaelesuevalli\/wp-content\/uploads\/2020\/04\/Ostra-Antica-scavo-archeologico-Le-Muracce-3.jpg 800w, https:\/\/www.slownews.it\/senigalliaelesuevalli\/wp-content\/uploads\/2020\/04\/Ostra-Antica-scavo-archeologico-Le-Muracce-3-300x225.jpg 300w, https:\/\/www.slownews.it\/senigalliaelesuevalli\/wp-content\/uploads\/2020\/04\/Ostra-Antica-scavo-archeologico-Le-Muracce-3-768x576.jpg 768w\" sizes=\"auto, (max-width: 800px) 100vw, 800px\" \/><figcaption class=\"wp-element-caption\">Ostra Antica scavo archeologico &#8216;Le Muracce&#8217; le Terme<\/figcaption><\/figure>\n\n\n\n<p class=\"wp-block-paragraph\"><strong>Nel corso del I secolo a.C<\/strong>., dopo che le guerre sociali portarono alla concessione della cittadinanza romana a tutta l&#8217;Italia, molte di queste <strong>praefecturae si trasformano in citt\u00e0 (<em>municipia<\/em>)<\/strong>, dotate di proprie magistrature e di un proprio territorio.<\/p>\n\n\n\n<p class=\"wp-block-paragraph\"><strong>Questo avviene anche per Ostra antica che diventa municipium romano, iscritto alla trib\u00f9 Pollia, attorno al 49 a.C.<\/strong>, <strong>nella media valle del Misa, e contemp<\/strong>oraneamente <strong>per la sua gemella Suasa, nella parallela valle del Cesano<\/strong>.<\/p>\n\n\n\n<p class=\"wp-block-paragraph\">I due siti divenuti municipi, manterranno il loro nuovo status fino all&#8217;invasione longobarda, quando saranno del tutto abbandonate.<\/p>\n\n\n\n<p class=\"wp-block-paragraph\"><strong>La guerra greco-gotica<\/strong> cominci\u00f2 a segnare la decadenza del sito anche se dal V al VII  secolo d.c. \u00e8 stata sede vescovile e nelle vicinanze del foro sono state ristrovate le strutture della base di una chiesa dalle fdimensioni importanti: 22 metri di larghezza.<\/p>\n\n\n\n<p class=\"wp-block-paragraph\">Con <strong>l&#8217;arrivo dei Longobardi<\/strong> (tra il 580 e il 600 d.C.), nel quadro della progressiva espansione del Regno Longobardo contro i domini bizantini, si concretizza infatti la fine dell&#8217;ordinamento politico e sociale romano che porta al definitivo abbandono delle citt\u00e0 di fondovalle, all&#8217;incirca nel VII secolo d.c., per quanto riguarda Ostra antica, e alla nascita di piccoli agglomerati collocati lungo il crinale, in posizioni naturalmente difese.<\/p>\n\n\n\n<p class=\"wp-block-paragraph\">\u00c8 cos\u00ec che al posto dell&#8217;antica citt\u00e0 di Ostra sorgeranno i centri di <strong>Montalboddo<\/strong> e <strong>Montenovo<\/strong>, che alla fine dell&#8217;Ottocento, rispettivamente nel 1881 e 1882, recupereranno le loro antiche radici attraverso la reintroduzione del nome della citt\u00e0 romana divenendo <strong>Ostra<\/strong> e <strong>Ostra Vetere<\/strong>.<\/p>\n\n\n\n<figure class=\"wp-block-image size-large\"><img loading=\"lazy\" decoding=\"async\" width=\"800\" height=\"600\" src=\"https:\/\/www.slownews.it\/senigalliaelesuevalli\/wp-content\/uploads\/2020\/04\/Ostra-Antica-scavo-archeologico-Le-Muracce-2.jpg\" alt=\"\" class=\"wp-image-1687\" srcset=\"https:\/\/www.slownews.it\/senigalliaelesuevalli\/wp-content\/uploads\/2020\/04\/Ostra-Antica-scavo-archeologico-Le-Muracce-2.jpg 800w, https:\/\/www.slownews.it\/senigalliaelesuevalli\/wp-content\/uploads\/2020\/04\/Ostra-Antica-scavo-archeologico-Le-Muracce-2-300x225.jpg 300w, https:\/\/www.slownews.it\/senigalliaelesuevalli\/wp-content\/uploads\/2020\/04\/Ostra-Antica-scavo-archeologico-Le-Muracce-2-768x576.jpg 768w\" sizes=\"auto, (max-width: 800px) 100vw, 800px\" \/><figcaption class=\"wp-element-caption\">Ostra Antica scavo archeologico &#8216;Le Muracce&#8217;<\/figcaption><\/figure>\n\n\n\n<p class=\"wp-block-paragraph\">I primi scavi archeologici realizzati nella citt\u00e0 <\/p>\n\n\n\n<p class=\"wp-block-paragraph\">Slsi conclusero nel 1909 effettuati sotto la direzione dal <strong>Cavalier Giuseppe Baldoni di Montalto<\/strong>, Maggiore di cavalleria, allora possessore dei terreni su cui anticamente si estendeva la citt\u00e0.<\/p>\n\n\n\n<p class=\"wp-block-paragraph\">Frutto di questa fase di ricerche \u201cnon scientifiche\u201d \u00e8 la carta raffigurante gran parte dell\u2019area monumentale urbana, che ha costituito una fonte imprescindibile per ogni studio successivo.<\/p>\n\n\n\n<figure class=\"wp-block-image size-large\"><img loading=\"lazy\" decoding=\"async\" width=\"799\" height=\"518\" src=\"https:\/\/www.slownews.it\/senigalliaelesuevalli\/wp-content\/uploads\/2020\/04\/Mappa-dello-scavo-archeologico-di-Osta-Antica-Le-Muracce.jpg\" alt=\"\" class=\"wp-image-1666\" srcset=\"https:\/\/www.slownews.it\/senigalliaelesuevalli\/wp-content\/uploads\/2020\/04\/Mappa-dello-scavo-archeologico-di-Osta-Antica-Le-Muracce.jpg 799w, https:\/\/www.slownews.it\/senigalliaelesuevalli\/wp-content\/uploads\/2020\/04\/Mappa-dello-scavo-archeologico-di-Osta-Antica-Le-Muracce-300x194.jpg 300w, https:\/\/www.slownews.it\/senigalliaelesuevalli\/wp-content\/uploads\/2020\/04\/Mappa-dello-scavo-archeologico-di-Osta-Antica-Le-Muracce-768x498.jpg 768w\" sizes=\"auto, (max-width: 799px) 100vw, 799px\" \/><figcaption class=\"wp-element-caption\">Mappa dello scavo archeologico di Osta Antica &#8216;Le Muracce&#8217;<\/figcaption><\/figure>\n\n\n\n<p class=\"wp-block-paragraph\">Gli scavi riportarono alla luce un <strong>edificio termale<\/strong> e un <strong>teatro<\/strong>, separati da una <strong>larga strada lastricata<\/strong> con direzione NO-SE. Un secondo asse viario perpendicolare al precedente e di un terzo tratto parallelo al primo delimitavano una vasta area riconosciuta come il <strong>Foro<\/strong> ovvero la piazza principale della citt\u00e0, sulla quale si affacciavano, oltre al teatro, alcuni edifici, tra cui un tempio.<\/p>\n\n\n\n<figure class=\"wp-block-image size-large\"><img loading=\"lazy\" decoding=\"async\" width=\"800\" height=\"600\" src=\"https:\/\/www.slownews.it\/senigalliaelesuevalli\/wp-content\/uploads\/2020\/04\/Ostra-Antica-scavo-archeologico-Le-Muracce-1.jpg\" alt=\"\" class=\"wp-image-1698\" srcset=\"https:\/\/www.slownews.it\/senigalliaelesuevalli\/wp-content\/uploads\/2020\/04\/Ostra-Antica-scavo-archeologico-Le-Muracce-1.jpg 800w, https:\/\/www.slownews.it\/senigalliaelesuevalli\/wp-content\/uploads\/2020\/04\/Ostra-Antica-scavo-archeologico-Le-Muracce-1-300x225.jpg 300w, https:\/\/www.slownews.it\/senigalliaelesuevalli\/wp-content\/uploads\/2020\/04\/Ostra-Antica-scavo-archeologico-Le-Muracce-1-768x576.jpg 768w\" sizes=\"auto, (max-width: 800px) 100vw, 800px\" \/><figcaption class=\"wp-element-caption\">Ostra Antica scavo archeologico &#8216;Le Muracce&#8217; area forense<\/figcaption><\/figure>\n\n\n\n<p class=\"wp-block-paragraph\">Per quanto riguarda l\u2019impianto termale furono messi in luce complessivamente venticinque ambienti, tra i quali si \u00e8 riconosciuto il <strong><em>calidarium<\/em><\/strong> (la sala per i bagni in acqua calda) e il<strong><em> frigidarium<\/em><\/strong> (la sala per i bagni in acqua fredda), con pareti rivestite di marmo e il pavimento a mosaico. Sono stati inoltre individuati due forni e si \u00e8 attestata l\u2019esistenza di una <strong>grande vasca<\/strong>, probabilmente con funzione di riserva d\u2019acqua per l\u2019impianto termale.<\/p>\n\n\n\n<p class=\"wp-block-paragraph\">La successiva campagna 2005\/2006, anch&#8217;essa condotta dalla Soprintendenza Archeologica per le Marche, ha interessato invece in modo specifico l&#8217;area del teatro.<\/p>\n\n\n\n<p class=\"wp-block-paragraph\">L&#8217;intervento ha permesso di accertare la presenza di un porticato a nord dell&#8217;edificio scenico, non indagato in occasione degli scavi del 1903\/04. Sono stati messi in luce, oltre ai resti della scena, l&#8217;area riservata all&#8217;orchestra e tre ordini di gradinate, l&#8217;ultimo dei quali poggiava su archi e pilastri di cui sono affiorate le parti basali. L&#8217;edificio scenico ha una larghezza di 34,63 metri e, con gli edifici laterali annessi, raggiunge uno sviluppo totale di 49,13 metri.<\/p>\n\n\n\n<figure class=\"wp-block-image size-full\"><img loading=\"lazy\" decoding=\"async\" width=\"800\" height=\"520\" src=\"https:\/\/www.slownews.it\/senigalliaelesuevalli\/wp-content\/uploads\/2026\/08\/Ostra-antica-teatro.jpeg\" alt=\"Ostra antica teatro\" class=\"wp-image-3297\" srcset=\"https:\/\/www.slownews.it\/senigalliaelesuevalli\/wp-content\/uploads\/2026\/08\/Ostra-antica-teatro.jpeg 800w, https:\/\/www.slownews.it\/senigalliaelesuevalli\/wp-content\/uploads\/2026\/08\/Ostra-antica-teatro-300x195.jpeg 300w, https:\/\/www.slownews.it\/senigalliaelesuevalli\/wp-content\/uploads\/2026\/08\/Ostra-antica-teatro-768x499.jpeg 768w\" sizes=\"auto, (max-width: 800px) 100vw, 800px\" \/><figcaption class=\"wp-element-caption\">Ostra antica teatro<\/figcaption><\/figure>\n\n\n\n<p class=\"wp-block-paragraph\">Dal 2006 il <strong>Dipartimento di Storia Culture e Civilt\u00e0 dell&#8217;Universit\u00e0 di Bologna<\/strong> ha condotto nel sito nuove ricerche che hanno portato in luce diversi edifici del <strong>Foro<\/strong>, contribuendo alla definizione di questo importante settore urbano della citt\u00e0 romana.<\/p>\n\n\n\n<p class=\"wp-block-paragraph\">Fra i pi\u00f9 recenti rinvenimenti, si segnala l&#8217;individuazione di un <strong>sacello (piccolo tempio)<\/strong> e di un edificio caratterizzato dalla presenza di vasche e ambienti connessi con il prelievo dell\u2019acqua, entrambi di et\u00e0 augustea, quando si attestano i primi interventi di sistemazione dell\u2019area\u00a0 in senso propriamente monumentale.<\/p>\n\n\n\n<p class=\"wp-block-paragraph\">Questi interventi andarono a sovrapporsi a un precedente sistema di organizzazione spaziale del comparto pubblico che, grazie agli scavi archeologici, \u00e8 possibile collocare in <strong>epoca medio-repubblicana (met\u00e0 II-inizi I secolo a.C.)<\/strong>. A questa prima fase afferiscono una <strong>vasta piazza centrale inghiaiata <\/strong>e una <strong>singolare struttura<\/strong>, interpretata in rapporto alle attivit\u00e0 di <strong>elezione dei magistrati cittadini<\/strong>.<\/p>\n\n\n\n<p class=\"wp-block-paragraph\">A partire dall\u2019et\u00e0 imperiale tutta la piazza forense viene pavimentata con lastre di marmo e di calcare e viene circondata dai principali edifici pubblici, compresi il teatro e il tempio. <\/p>\n\n\n\n<p class=\"wp-block-paragraph\">Tra gli edifici di nuova realizzazione, nel lato occidentale del <strong>Foro<\/strong> emerge il complesso formato dal tempio su podio e dal vicino edificio denominato struttura 4. Tale edificio, di incerta funzione, si compone di una <strong>sala anteriore rettangolare<\/strong> e di una <strong>parte posteriore organizzata in tre ambienti contigui <\/strong>&#8211; di cui quello centrale absidato &#8211; tutti comunicanti con la sala centrale di cui si&nbsp; conserva parte della pavimentazione in mosaico di colore bianco. <\/p>\n\n\n\n<p class=\"wp-block-paragraph\"><strong>Nel corso della prima et\u00e0 imperiale<\/strong> vengono definiti anche gli <strong>assi viari urbani principali<\/strong>, di cui i recenti scavi hanno messo in luce un\u2019ampia porzione, specialmente dell\u2019asse N\/S che delimitava il lato orientale del complesso forense. In concomitanza con la lastricatura delle strade, l\u2019area del foro viene definitivamente inclusa in un perimetro murario nel quale, in corrispondenza dell\u2019arrivo sulla piazza forense dell\u2019asse stradale principale della citt\u00e0, viene aperta <strong>una porta monumentale di cui si conservano la soglia, lo stipite e un blocco con l\u2019incavo per il cardine<\/strong>.<\/p>\n\n\n\n<p class=\"wp-block-paragraph\">La situazione fino a qui descritta corrisponde con il periodo di <strong>massimo sforzo monumentale<\/strong> del centro della citt\u00e0, collocabile tra l\u2019et\u00e0 augustea e la fine del I secolo d.C., al termine del quale <strong>il Foro di Ostra<\/strong>, chiuso in un perimetro definito e ben isolato dalla viabilit\u00e0, contiene al suo interno i maggiori edifici destinati alle attivit\u00e0 economiche, civili e religiose.<\/p>\n\n\n\n<p class=\"wp-block-paragraph\">Nell\u2019ambito di uno di questi spazi, inoltre, doveva trovare posto il pi\u00f9 eclatante dei ritrovamenti effettuati nel sito, ovvero <strong>la statua colossale in marmo pario, scoperta nel 1841, raffigurante un importante personaggio maschile d&#8217;et\u00e0 traianea<\/strong>.<\/p>\n\n\n\n<p class=\"wp-block-paragraph\">Le ultime campagne di scavo stanno comunque evidenziando come il processo di accrescimento monumentale si protrasse per tutto il periodo della media et\u00e0 imperiale. A questa fase \u00e8 databile l\u2019edificio denominato <strong>struttura 8<\/strong>, un nuovo <strong>spazio pubblico databile all\u2019inizio del II secolo d.C.&nbsp;<\/strong> L\u2019edificio presenta caratteristiche planimetriche precise, componendosi di un grande piazzale rettangolare (A), chiuso verso il <strong>Foro<\/strong> da un muro e circondato sugli altri tre lati da un portico continuo (B-D).<\/p>\n\n\n\n<p class=\"wp-block-paragraph\">Nella parete posteriore del <strong>portico orientale<\/strong> si apre un <strong>ambiente di forma rettangolare<\/strong> (E) inizialmente di dimensioni limitate e successivamente ampliato (F) fino a raggiungere il limite dell\u2019isolato. Nel cortile, in corrispondenza dell\u2019apertura dell\u2019ambiente E, \u00e8 inoltre presente una <strong>piattaforma in conglomerato di calce e ciottoli<\/strong>, nella quale si deve riconoscere la fondazione di un prospetto architettonico colonnato aggettante verso la piazza.<\/p>\n\n\n\n<p class=\"wp-block-paragraph\"><strong>Dopo questa fase, il centro monumentale, per quanto noto finora, non subisce ulteriori interventi e sembra cristallizzarsi in questo assetto per i tre secoli a seguire<\/strong>, fino a quando si fanno evidenti i segni del mutamento: a partire dal V secolo, stando agli attuali dati di scavo, gli assi stradali centrali vengono progressivamente invasi da accumuli di rifiuti, mentre all\u2019interno dell\u2019ambiente centrale di struttura 4, ormai in stato di crollo avanzato, vengono ricavate quattro cantine interrate.<\/p>\n\n\n\n<p class=\"wp-block-paragraph\">Limitati interventi di sistemazione nell\u2019area del podio del tempio, dove le due scale inferiori sono tamponate per contrastare la crescita del suolo di calpestio nel piazzale esterno, sembrano suggerire la persistenza d\u2019uso di tale edificio, che poteva ancora preservare un qualche carattere di monumentalit\u00e0, <strong>soprattutto se si vuole ipotizzare una conversione della struttura da luogo di culto pagano in chiesa<\/strong>. <\/p>\n\n\n\n<p class=\"wp-block-paragraph\">A sostegno di questa ipotesi, avvalorata dalla <strong>fonte scritta di inizi VI secolo che menziona un vescovo facente capo alla diocesi ostrense<\/strong>, \u00e8 anche l&#8217;articolato complesso cimiteriale che consta ormai di oltre 50 sepolture, datate almeno dalla fine del V-inizio del VI secolo, rinvenuto tutto attorno all&#8217;edificio\u00bb.<\/p>\n\n\n\n<p class=\"wp-block-paragraph\">\u00ab<strong>Ostra Antica sorse come centro di servizio sulla strada fra le odierne Senigallia e Sassoferrato<\/strong> e venne elevata al rango di municipio verso la met\u00e0 del 1\u00b0 sec. a.C. In seguito a ci\u00f2 avviene la monumentalizzazione degli spazi pubblici e partecipazione alla vita politica nel municipium romano di Ostra &#8211; riassume l\u2019archeologa Carlotta Franceschelli.<\/p>\n\n\n\n<figure class=\"wp-block-image size-large\"><img loading=\"lazy\" decoding=\"async\" width=\"800\" height=\"519\" src=\"https:\/\/www.slownews.it\/senigalliaelesuevalli\/wp-content\/uploads\/2020\/04\/Ostra-Antica-Planimetria-schematica-del-settore-nord-orientale-del-foro-con-ricostruzione-delle-supposte-corsie-di-voto.png\" alt=\"\" class=\"wp-image-1667\" srcset=\"https:\/\/www.slownews.it\/senigalliaelesuevalli\/wp-content\/uploads\/2020\/04\/Ostra-Antica-Planimetria-schematica-del-settore-nord-orientale-del-foro-con-ricostruzione-delle-supposte-corsie-di-voto.png 800w, https:\/\/www.slownews.it\/senigalliaelesuevalli\/wp-content\/uploads\/2020\/04\/Ostra-Antica-Planimetria-schematica-del-settore-nord-orientale-del-foro-con-ricostruzione-delle-supposte-corsie-di-voto-300x195.png 300w, https:\/\/www.slownews.it\/senigalliaelesuevalli\/wp-content\/uploads\/2020\/04\/Ostra-Antica-Planimetria-schematica-del-settore-nord-orientale-del-foro-con-ricostruzione-delle-supposte-corsie-di-voto-768x498.png 768w\" sizes=\"auto, (max-width: 800px) 100vw, 800px\" \/><figcaption class=\"wp-element-caption\">Ostra Antica Planimetria schematica del settore nord-orientale del foro, con ricostruzione delle supposte corsie di voto<\/figcaption><\/figure>\n\n\n\n<p class=\"wp-block-paragraph\">\u00ab<strong>Dagli scavi \u00e8 emersa anche una interessante struttura politica<\/strong> che in un momento posteriore alla messa in opera, si \u00e8 strutturata maggiormente, assumendo l\u2019aspetto di uno spazio coperto, ma aperto sulla strada retrostante tramite un allineamento di pilastri in funzione fino alla seconda meta del 1\u00b0 secolo d.C. <strong>Si tratta di un sistema di pozzetti, organizzati in serie sui due lati di un settore ben definito della piazza del Foro<\/strong>. <\/p>\n\n\n\n<p class=\"wp-block-paragraph\">La loro organizzazione su file parallele, richiamano <strong>analoghi apprestamenti rinvenuti in alcuni centri urbani centroitalic<\/strong>i, dove strutture simili sono state interpretate come dispositivi atti a consentire le operazioni di voto, sul modello dei <strong>Saepta Iulia<\/strong> (recinti) del <strong>Campo Marzio, a Roma<\/strong>.<\/p>\n\n\n\n<figure class=\"wp-block-image size-large\"><img loading=\"lazy\" decoding=\"async\" width=\"696\" height=\"520\" src=\"https:\/\/www.slownews.it\/senigalliaelesuevalli\/wp-content\/uploads\/2020\/04\/Ostra-Antica-veduta-di-alcuni-dei-pozzetti-ubicati-al-margine-nord-di-struttura-14-scavo-2011.jpg\" alt=\"\" class=\"wp-image-1670\" srcset=\"https:\/\/www.slownews.it\/senigalliaelesuevalli\/wp-content\/uploads\/2020\/04\/Ostra-Antica-veduta-di-alcuni-dei-pozzetti-ubicati-al-margine-nord-di-struttura-14-scavo-2011.jpg 696w, https:\/\/www.slownews.it\/senigalliaelesuevalli\/wp-content\/uploads\/2020\/04\/Ostra-Antica-veduta-di-alcuni-dei-pozzetti-ubicati-al-margine-nord-di-struttura-14-scavo-2011-300x224.jpg 300w\" sizes=\"auto, (max-width: 696px) 100vw, 696px\" \/><figcaption class=\"wp-element-caption\">Ostra Antica veduta di alcuni dei pozzetti ubicati al margine nord di struttura 14 (scavo 2011)<\/figcaption><\/figure>\n\n\n\n<p class=\"wp-block-paragraph\"><strong>Nel settore a nord-est del Foro di Ostra<\/strong> &#8211; spiega Carlotta Franceschelli &#8211; si trovano delle corsie di voto e in stretta connessione si trovava uno spazio aperto di forma allungata, per il quale \u00e8 possibile proporre, la funzione di <strong>diribitorium<\/strong>, l\u2019area cio\u00e8 in cui veniva effettuato <strong>lo spoglio delle \u2018schede\u2019<\/strong> in occasione delle consultazioni elettorali\u00bb. <\/p>\n\n\n\n<p class=\"wp-block-paragraph\">Per capire l\u2019importanza del ritrovamento \u00e8 necessario sapere che un elemento chiave del sistema di voto a Roma \u00e8 rappresentato, sin dalle origini, dalla pratica del <strong>voto per gruppi<\/strong>, cui l\u2019appartenenza \u00e8 stabilita, per ogni cittadino, in base a vari criteri, quali, principalmente,quello timocratico (<strong>classi e centurie<\/strong>) e quello territoriale (<strong>trib\u00f9<\/strong>). Tutto questo implica la definizione di procedure standardizzate, atte ad assicurare ordine e, entro certi limiti, rapidit\u00e0 alle operazioni, che senza dubbio divenivano pi\u00f9 complesse da gestire, rispetto ai tempi in cui il voto si esprimeva oralmente e in modo successivo tra le diverse unit\u00e0.<\/p>\n\n\n\n<figure class=\"wp-block-image size-full\"><img loading=\"lazy\" decoding=\"async\" width=\"743\" height=\"485\" src=\"https:\/\/www.slownews.it\/senigalliaelesuevalli\/wp-content\/uploads\/2022\/04\/Ostra-antica-Chiesa-V-VII-secolo-d.-c.jpg\" alt=\"Ostra antica Chiesa V - VII secolo d. c.\" class=\"wp-image-3284\" srcset=\"https:\/\/www.slownews.it\/senigalliaelesuevalli\/wp-content\/uploads\/2022\/04\/Ostra-antica-Chiesa-V-VII-secolo-d.-c.jpg 743w, https:\/\/www.slownews.it\/senigalliaelesuevalli\/wp-content\/uploads\/2022\/04\/Ostra-antica-Chiesa-V-VII-secolo-d.-c-300x196.jpg 300w\" sizes=\"auto, (max-width: 743px) 100vw, 743px\" \/><figcaption class=\"wp-element-caption\">Ostra antica Chiesa V &#8211; VII secolo d. c.<\/figcaption><\/figure>\n\n\n\n<p class=\"wp-block-paragraph\">Ostra antica dal V al VII secolo d.c. \u00e8 stata sede diocesana (nel 502 d.C \u00e8 ricordata per la prima volta come sede vescovile) e nelle vicinanze del foro sono state ristrovate le strutture della base di una chiesa dalle fdimensioni importanti: 22 metri di larghezza.<\/p>\n\n\n\n<p class=\"wp-block-paragraph\"><strong>Da Pongelli andando verso Arcevia in Contrada Molino<\/strong> si trova un\u2019interessante esempio di <strong>tecnica costruttiva povera<\/strong>, tipica delle campagne marchigiane, che forse, per la manutenzione, da meno problemi del cemento armato. <\/p>\n\n\n\n<figure class=\"wp-block-image size-large\"><img loading=\"lazy\" decoding=\"async\" width=\"800\" height=\"600\" src=\"https:\/\/www.slownews.it\/senigalliaelesuevalli\/wp-content\/uploads\/2020\/04\/Casa-di-terra-a-Pogelli-di-Ostra-Vetere.jpg\" alt=\"\" class=\"wp-image-1678\" srcset=\"https:\/\/www.slownews.it\/senigalliaelesuevalli\/wp-content\/uploads\/2020\/04\/Casa-di-terra-a-Pogelli-di-Ostra-Vetere.jpg 800w, https:\/\/www.slownews.it\/senigalliaelesuevalli\/wp-content\/uploads\/2020\/04\/Casa-di-terra-a-Pogelli-di-Ostra-Vetere-300x225.jpg 300w, https:\/\/www.slownews.it\/senigalliaelesuevalli\/wp-content\/uploads\/2020\/04\/Casa-di-terra-a-Pogelli-di-Ostra-Vetere-768x576.jpg 768w\" sizes=\"auto, (max-width: 800px) 100vw, 800px\" \/><figcaption class=\"wp-element-caption\">Casa di terra a Pogelli di Ostra Vetere<\/figcaption><\/figure>\n\n\n\n<p class=\"wp-block-paragraph\"><strong>E\u2019 la Casa di terra e di paglia costruita agli inizi del novecento ed abitata sino alla met\u00e0 del secolo<\/strong>. Gi\u00e0 di propriet\u00e0 della famiglia <strong>Santini-Perlini<\/strong>, \u00e8 stata successivamente acquistata e ristrutturata dal Comune nel 1979. Il restauro della Casa di terra e di paglia, rappresenta il primo intervento pubblico nelle marche, se non addirittura in Italia, volto al recupero di un <strong>manufatto in terra cruda<\/strong>. <\/p>\n\n\n\n<figure class=\"wp-block-image size-large\"><img loading=\"lazy\" decoding=\"async\" width=\"800\" height=\"600\" src=\"https:\/\/www.slownews.it\/senigalliaelesuevalli\/wp-content\/uploads\/2020\/04\/particolare-del-muro-della-casa-di-terra-a-Pogelli-di-Ostra-Vetere.jpg\" alt=\"\" class=\"wp-image-1681\" srcset=\"https:\/\/www.slownews.it\/senigalliaelesuevalli\/wp-content\/uploads\/2020\/04\/particolare-del-muro-della-casa-di-terra-a-Pogelli-di-Ostra-Vetere.jpg 800w, https:\/\/www.slownews.it\/senigalliaelesuevalli\/wp-content\/uploads\/2020\/04\/particolare-del-muro-della-casa-di-terra-a-Pogelli-di-Ostra-Vetere-300x225.jpg 300w, https:\/\/www.slownews.it\/senigalliaelesuevalli\/wp-content\/uploads\/2020\/04\/particolare-del-muro-della-casa-di-terra-a-Pogelli-di-Ostra-Vetere-768x576.jpg 768w\" sizes=\"auto, (max-width: 800px) 100vw, 800px\" \/><figcaption class=\"wp-element-caption\">particolare del muro della casa di terra a Pogelli di Ostra Vetere<\/figcaption><\/figure>\n\n\n\n<p class=\"wp-block-paragraph\">E\u2019 stata preceduto da una <strong>campagna di catalogazione condotta tra il 1979 e il 1980<\/strong> e dalla consultazione di una ricca bibliografia sulle costruzioni in terra. L\u2019abitazione rurale rappresenta <strong>uno dei pochissimi esempi rimasti nelle Marche centro-settentrionali<\/strong>\u201d.<\/p>\n\n\n\n<p class=\"wp-block-paragraph\">La parrocchia di Pongelli \u00e8 intitolata alla Madonna della Fiducia. La chiesa si trova nella piana ai piedi del colle su cui sorge Ostra Vetere. Di forme solide e moderne, lo stile si rif\u00e0 al razionalismo degli anni &#8217;20 del \u2018900. <\/p>\n\n\n\n<figure class=\"wp-block-image size-large\"><img loading=\"lazy\" decoding=\"async\" width=\"800\" height=\"520\" src=\"https:\/\/www.slownews.it\/senigalliaelesuevalli\/wp-content\/uploads\/2020\/04\/Chiesa-della-Madonna-della-Fiducia-Pongelli-di-Ostra-Vetere.jpg\" alt=\"\" class=\"wp-image-1694\" srcset=\"https:\/\/www.slownews.it\/senigalliaelesuevalli\/wp-content\/uploads\/2020\/04\/Chiesa-della-Madonna-della-Fiducia-Pongelli-di-Ostra-Vetere.jpg 800w, https:\/\/www.slownews.it\/senigalliaelesuevalli\/wp-content\/uploads\/2020\/04\/Chiesa-della-Madonna-della-Fiducia-Pongelli-di-Ostra-Vetere-300x195.jpg 300w, https:\/\/www.slownews.it\/senigalliaelesuevalli\/wp-content\/uploads\/2020\/04\/Chiesa-della-Madonna-della-Fiducia-Pongelli-di-Ostra-Vetere-768x499.jpg 768w\" sizes=\"auto, (max-width: 800px) 100vw, 800px\" \/><figcaption class=\"wp-element-caption\">Chiesa della Madonna della Fiducia Pongelli di Ostra Vetere<\/figcaption><\/figure>\n\n\n\n<p class=\"wp-block-paragraph\">La costruzione, interamente in cemento armato, <strong>inizi\u00f2 nel 1971<\/strong>, su progetto dell&#8217;<strong>architetto Bonazza<\/strong> e dell&#8217;<strong>ingegner Berti<\/strong>. La chiesa fu poi consacrata nel 1973. Non esiste una vera e propria facciata, ma l&#8217;ingresso \u00e8 ricavato nel prospetto laterale della chiesa ed \u00e8 coperto da una spessa pensilina in cemento sporgente.<\/p>\n\n\n\n<p class=\"wp-block-paragraph\">&nbsp;Al suo interno si presentano due altari: quello maggiore, alla cui sinistra \u00e8 situata la statua della&nbsp;<strong>Madonna della Fiducia<\/strong>, e un altro, situato nella cappella di destra, detta del Sacramento. <strong>Di particolare&nbsp;significato sono le pregevoli vetrate della Chiesa, rinnovate in occasione della memoria&nbsp;della consacrazione del 1973<\/strong>. A sinistra la vetrata intitolata <strong>\u201cIl progetto di Dio\u201d<\/strong> raffigura la presenza&nbsp;vigile di Dio che non abbandona l\u2019uomo e stringe un\u2019alleanza con No\u00e8, simboleggiata dall\u2019arcobaleno&nbsp;e dalla colomba che porta l\u2019ulivo della pace. <\/p>\n\n\n\n<p class=\"wp-block-paragraph\">Sopra l\u2019altare, a significare la comunione tra&nbsp;l\u2019uomo e Dio, c\u2019\u00e8 la vetrata intitolata <strong>\u201cIl popolo di Dio\u201d<\/strong>, in cui Dio si sceglie un popolo umile e lo&nbsp;libera dalla schiavit\u00f9, purificandolo lungo il cammino. Sulla destra invece spicca la <strong>raffigurazione&nbsp;dei profeti che annunciano il Regno<\/strong>, mentre sopra l\u2019ingresso troviamo l\u2019immagine di <strong>Cristo che&nbsp;realizza la promessa dell\u2019Alleanza, facendosi uomo tra gli uomini<\/strong>. Accanto alle pi\u00f9 significative,&nbsp;anche altre vetrate arricchiscono di significati spirituali e religiosi le varie parti della Chiesa.&nbsp;Ricordiamo tra tutte quella che rappresenta la Madonna della Fiducia, aggiunta recentemente&nbsp;all\u2019ingresso della Chiesa, a sottolineare la devozione della comunit\u00e0 alla Madre di Dio, scelta come&nbsp;protettrice e Patrona di Pongelli.<\/p>\n\n\n\n<p class=\"wp-block-paragraph\"><strong>pagina a cura di Mario Maria Molinari<\/strong><\/p>\n","protected":false},"excerpt":{"rendered":"<p>la Voce Misena 26 giugno 2014 10 settembre 2015 Corriere Adriatico 18 agosto 2018 due passi in collina Pongelli curiosit\u00e0 di \u2018campagna\u2019 ITINERARI La piccola frazione di Pongelli di Ostra Vetere custodisce l&#8217;area archeologica di Ostra Antica denominata &#8216;Le Muracce&#8217; e architetture molto originali. Con brevi deviazioni avremo modo di visitare tre diversi tipi di [&hellip;]<\/p>\n","protected":false},"author":1,"featured_media":1683,"comment_status":"open","ping_status":"open","sticky":false,"template":"","format":"standard","meta":{"_jetpack_newsletter_access":"","_jetpack_dont_email_post_to_subs":false,"_jetpack_newsletter_tier_id":0,"_jetpack_memberships_contains_paywalled_content":false,"_jetpack_feature_clip_id":0,"_jetpack_memberships_contains_paid_content":false,"footnotes":"","jetpack_publicize_message":"","jetpack_publicize_feature_enabled":true,"jetpack_social_post_already_shared":true,"jetpack_social_options":{"image_generator_settings":{"template":"highway","default_image_id":0,"font":"","enabled":false},"version":2},"jetpack_post_was_ever_published":false},"categories":[19,26],"tags":[],"class_list":["post-1654","post","type-post","status-publish","format-standard","has-post-thumbnail","hentry","category-ostra-vetere","category-tutti"],"yoast_head":"<!-- This site is optimized with the Yoast SEO plugin v28.4 - https:\/\/yoast.com\/product\/yoast-seo-wordpress\/ -->\n<title>OSTRA VETERE\/2 L\u2019AREA ARCHEOLOGICA DI OSTRA ANTICA (LE MURACCE), LA CASA DI TERRA CRUDA, LA MADONNA DELLA FIDUCIA - Senigallia e le sue Valli<\/title>\n<meta name=\"robots\" content=\"index, follow, max-snippet:-1, max-image-preview:large, max-video-preview:-1\" \/>\n<link rel=\"canonical\" href=\"https:\/\/www.slownews.it\/senigalliaelesuevalli\/2026\/08\/19\/ostra-vetere-2-larea-archeologica-delle-muracce-la-casa-di-terra-cruda-la-madonna-della-fiducia\/\" \/>\n<meta property=\"og:locale\" content=\"it_IT\" \/>\n<meta property=\"og:type\" content=\"article\" \/>\n<meta property=\"og:title\" content=\"OSTRA VETERE\/2 L\u2019AREA ARCHEOLOGICA DI OSTRA ANTICA (LE MURACCE), LA CASA DI TERRA CRUDA, LA MADONNA DELLA FIDUCIA - Senigallia e le sue Valli\" \/>\n<meta property=\"og:description\" content=\"la Voce Misena 26 giugno 2014 10 settembre 2015 Corriere Adriatico 18 agosto 2018 due passi in collina Pongelli curiosit\u00e0 di \u2018campagna\u2019 ITINERARI La piccola frazione di Pongelli di Ostra Vetere custodisce l&#8217;area archeologica di Ostra Antica denominata &#8216;Le Muracce&#8217; e architetture molto originali. Con brevi deviazioni avremo modo di visitare tre diversi tipi di [&hellip;]\" \/>\n<meta property=\"og:url\" content=\"https:\/\/www.slownews.it\/senigalliaelesuevalli\/2026\/08\/19\/ostra-vetere-2-larea-archeologica-delle-muracce-la-casa-di-terra-cruda-la-madonna-della-fiducia\/\" \/>\n<meta property=\"og:site_name\" content=\"Senigallia e le sue Valli\" \/>\n<meta property=\"article:published_time\" content=\"2026-08-19T04:50:00+00:00\" \/>\n<meta property=\"article:modified_time\" content=\"2026-08-21T12:30:33+00:00\" \/>\n<meta property=\"og:image\" content=\"https:\/\/www.slownews.it\/senigalliaelesuevalli\/wp-content\/uploads\/2020\/04\/Ostra-Antica-campagna-di-scavo-archeologico-Le-Muracce-2018.jpg\" \/>\n\t<meta property=\"og:image:width\" content=\"800\" \/>\n\t<meta property=\"og:image:height\" content=\"520\" \/>\n\t<meta property=\"og:image:type\" content=\"image\/jpeg\" \/>\n<meta name=\"author\" content=\"mariomariamolinari\" \/>\n<meta name=\"twitter:card\" content=\"summary_large_image\" \/>\n<meta name=\"twitter:label1\" content=\"Scritto da\" \/>\n\t<meta name=\"twitter:data1\" content=\"mariomariamolinari\" \/>\n\t<meta name=\"twitter:label2\" content=\"Tempo di lettura stimato\" \/>\n\t<meta name=\"twitter:data2\" content=\"17 minuti\" \/>\n<script type=\"application\/ld+json\" class=\"yoast-schema-graph\">{\"@context\":\"https:\\\/\\\/schema.org\",\"@graph\":[{\"@type\":\"Article\",\"@id\":\"https:\\\/\\\/www.slownews.it\\\/senigalliaelesuevalli\\\/2026\\\/08\\\/19\\\/ostra-vetere-2-larea-archeologica-delle-muracce-la-casa-di-terra-cruda-la-madonna-della-fiducia\\\/#article\",\"isPartOf\":{\"@id\":\"https:\\\/\\\/www.slownews.it\\\/senigalliaelesuevalli\\\/2026\\\/08\\\/19\\\/ostra-vetere-2-larea-archeologica-delle-muracce-la-casa-di-terra-cruda-la-madonna-della-fiducia\\\/\"},\"author\":{\"name\":\"mariomariamolinari\",\"@id\":\"https:\\\/\\\/www.slownews.it\\\/senigalliaelesuevalli\\\/#\\\/schema\\\/person\\\/9ed5db111ff143f9c10976c35f5c7370\"},\"headline\":\"OSTRA VETERE\\\/2 L\u2019AREA ARCHEOLOGICA DI OSTRA ANTICA (LE MURACCE), LA CASA DI TERRA CRUDA, LA MADONNA DELLA FIDUCIA\",\"datePublished\":\"2026-08-19T04:50:00+00:00\",\"dateModified\":\"2026-08-21T12:30:33+00:00\",\"mainEntityOfPage\":{\"@id\":\"https:\\\/\\\/www.slownews.it\\\/senigalliaelesuevalli\\\/2026\\\/08\\\/19\\\/ostra-vetere-2-larea-archeologica-delle-muracce-la-casa-di-terra-cruda-la-madonna-della-fiducia\\\/\"},\"wordCount\":2726,\"commentCount\":0,\"image\":{\"@id\":\"https:\\\/\\\/www.slownews.it\\\/senigalliaelesuevalli\\\/2026\\\/08\\\/19\\\/ostra-vetere-2-larea-archeologica-delle-muracce-la-casa-di-terra-cruda-la-madonna-della-fiducia\\\/#primaryimage\"},\"thumbnailUrl\":\"https:\\\/\\\/www.slownews.it\\\/senigalliaelesuevalli\\\/wp-content\\\/uploads\\\/2020\\\/04\\\/Ostra-Antica-campagna-di-scavo-archeologico-Le-Muracce-2018.jpg\",\"articleSection\":[\"Ostra Vetere\",\"tutti\"],\"inLanguage\":\"it-IT\",\"potentialAction\":[{\"@type\":\"CommentAction\",\"name\":\"Comment\",\"target\":[\"https:\\\/\\\/www.slownews.it\\\/senigalliaelesuevalli\\\/2026\\\/08\\\/19\\\/ostra-vetere-2-larea-archeologica-delle-muracce-la-casa-di-terra-cruda-la-madonna-della-fiducia\\\/#respond\"]}]},{\"@type\":\"WebPage\",\"@id\":\"https:\\\/\\\/www.slownews.it\\\/senigalliaelesuevalli\\\/2026\\\/08\\\/19\\\/ostra-vetere-2-larea-archeologica-delle-muracce-la-casa-di-terra-cruda-la-madonna-della-fiducia\\\/\",\"url\":\"https:\\\/\\\/www.slownews.it\\\/senigalliaelesuevalli\\\/2026\\\/08\\\/19\\\/ostra-vetere-2-larea-archeologica-delle-muracce-la-casa-di-terra-cruda-la-madonna-della-fiducia\\\/\",\"name\":\"OSTRA VETERE\\\/2 L\u2019AREA ARCHEOLOGICA DI OSTRA ANTICA (LE MURACCE), LA CASA DI TERRA CRUDA, LA MADONNA DELLA FIDUCIA - Senigallia e le sue Valli\",\"isPartOf\":{\"@id\":\"https:\\\/\\\/www.slownews.it\\\/senigalliaelesuevalli\\\/#website\"},\"primaryImageOfPage\":{\"@id\":\"https:\\\/\\\/www.slownews.it\\\/senigalliaelesuevalli\\\/2026\\\/08\\\/19\\\/ostra-vetere-2-larea-archeologica-delle-muracce-la-casa-di-terra-cruda-la-madonna-della-fiducia\\\/#primaryimage\"},\"image\":{\"@id\":\"https:\\\/\\\/www.slownews.it\\\/senigalliaelesuevalli\\\/2026\\\/08\\\/19\\\/ostra-vetere-2-larea-archeologica-delle-muracce-la-casa-di-terra-cruda-la-madonna-della-fiducia\\\/#primaryimage\"},\"thumbnailUrl\":\"https:\\\/\\\/www.slownews.it\\\/senigalliaelesuevalli\\\/wp-content\\\/uploads\\\/2020\\\/04\\\/Ostra-Antica-campagna-di-scavo-archeologico-Le-Muracce-2018.jpg\",\"datePublished\":\"2026-08-19T04:50:00+00:00\",\"dateModified\":\"2026-08-21T12:30:33+00:00\",\"author\":{\"@id\":\"https:\\\/\\\/www.slownews.it\\\/senigalliaelesuevalli\\\/#\\\/schema\\\/person\\\/9ed5db111ff143f9c10976c35f5c7370\"},\"breadcrumb\":{\"@id\":\"https:\\\/\\\/www.slownews.it\\\/senigalliaelesuevalli\\\/2026\\\/08\\\/19\\\/ostra-vetere-2-larea-archeologica-delle-muracce-la-casa-di-terra-cruda-la-madonna-della-fiducia\\\/#breadcrumb\"},\"inLanguage\":\"it-IT\",\"potentialAction\":[{\"@type\":\"ReadAction\",\"target\":[\"https:\\\/\\\/www.slownews.it\\\/senigalliaelesuevalli\\\/2026\\\/08\\\/19\\\/ostra-vetere-2-larea-archeologica-delle-muracce-la-casa-di-terra-cruda-la-madonna-della-fiducia\\\/\"]}]},{\"@type\":\"ImageObject\",\"inLanguage\":\"it-IT\",\"@id\":\"https:\\\/\\\/www.slownews.it\\\/senigalliaelesuevalli\\\/2026\\\/08\\\/19\\\/ostra-vetere-2-larea-archeologica-delle-muracce-la-casa-di-terra-cruda-la-madonna-della-fiducia\\\/#primaryimage\",\"url\":\"https:\\\/\\\/www.slownews.it\\\/senigalliaelesuevalli\\\/wp-content\\\/uploads\\\/2020\\\/04\\\/Ostra-Antica-campagna-di-scavo-archeologico-Le-Muracce-2018.jpg\",\"contentUrl\":\"https:\\\/\\\/www.slownews.it\\\/senigalliaelesuevalli\\\/wp-content\\\/uploads\\\/2020\\\/04\\\/Ostra-Antica-campagna-di-scavo-archeologico-Le-Muracce-2018.jpg\",\"width\":800,\"height\":520,\"caption\":\"Ostra Antica campagna di scavo archeologico 'Le Muracce' 2018\"},{\"@type\":\"BreadcrumbList\",\"@id\":\"https:\\\/\\\/www.slownews.it\\\/senigalliaelesuevalli\\\/2026\\\/08\\\/19\\\/ostra-vetere-2-larea-archeologica-delle-muracce-la-casa-di-terra-cruda-la-madonna-della-fiducia\\\/#breadcrumb\",\"itemListElement\":[{\"@type\":\"ListItem\",\"position\":1,\"name\":\"Home\",\"item\":\"https:\\\/\\\/www.slownews.it\\\/senigalliaelesuevalli\\\/\"},{\"@type\":\"ListItem\",\"position\":2,\"name\":\"OSTRA VETERE\\\/2 L\u2019AREA ARCHEOLOGICA DI OSTRA ANTICA (LE MURACCE), LA CASA DI TERRA CRUDA, LA MADONNA DELLA FIDUCIA\"}]},{\"@type\":\"WebSite\",\"@id\":\"https:\\\/\\\/www.slownews.it\\\/senigalliaelesuevalli\\\/#website\",\"url\":\"https:\\\/\\\/www.slownews.it\\\/senigalliaelesuevalli\\\/\",\"name\":\"Senigallia e le sue Valli\",\"description\":\"Una domenica dedicata alla bellezza, ovvero 100 pomeriggi a spasso per Senigallia e le sue valli\",\"potentialAction\":[{\"@type\":\"SearchAction\",\"target\":{\"@type\":\"EntryPoint\",\"urlTemplate\":\"https:\\\/\\\/www.slownews.it\\\/senigalliaelesuevalli\\\/?s={search_term_string}\"},\"query-input\":{\"@type\":\"PropertyValueSpecification\",\"valueRequired\":true,\"valueName\":\"search_term_string\"}}],\"inLanguage\":\"it-IT\"},{\"@type\":\"Person\",\"@id\":\"https:\\\/\\\/www.slownews.it\\\/senigalliaelesuevalli\\\/#\\\/schema\\\/person\\\/9ed5db111ff143f9c10976c35f5c7370\",\"name\":\"mariomariamolinari\",\"image\":{\"@type\":\"ImageObject\",\"inLanguage\":\"it-IT\",\"@id\":\"https:\\\/\\\/secure.gravatar.com\\\/avatar\\\/603e30d9cde874ac211e98087492b61f6ad48d33dfebffdbd1d7de75541f4f96?s=96&d=mm&r=g\",\"url\":\"https:\\\/\\\/secure.gravatar.com\\\/avatar\\\/603e30d9cde874ac211e98087492b61f6ad48d33dfebffdbd1d7de75541f4f96?s=96&d=mm&r=g\",\"contentUrl\":\"https:\\\/\\\/secure.gravatar.com\\\/avatar\\\/603e30d9cde874ac211e98087492b61f6ad48d33dfebffdbd1d7de75541f4f96?s=96&d=mm&r=g\",\"caption\":\"mariomariamolinari\"},\"url\":\"https:\\\/\\\/www.slownews.it\\\/senigalliaelesuevalli\\\/author\\\/mariomariamolinari\\\/\"}]}<\/script>\n<!-- \/ Yoast SEO plugin. -->","yoast_head_json":{"title":"OSTRA VETERE\/2 L\u2019AREA ARCHEOLOGICA DI OSTRA ANTICA (LE MURACCE), LA CASA DI TERRA CRUDA, LA MADONNA DELLA FIDUCIA - Senigallia e le sue Valli","robots":{"index":"index","follow":"follow","max-snippet":"max-snippet:-1","max-image-preview":"max-image-preview:large","max-video-preview":"max-video-preview:-1"},"canonical":"https:\/\/www.slownews.it\/senigalliaelesuevalli\/2026\/08\/19\/ostra-vetere-2-larea-archeologica-delle-muracce-la-casa-di-terra-cruda-la-madonna-della-fiducia\/","og_locale":"it_IT","og_type":"article","og_title":"OSTRA VETERE\/2 L\u2019AREA ARCHEOLOGICA DI OSTRA ANTICA (LE MURACCE), LA CASA DI TERRA CRUDA, LA MADONNA DELLA FIDUCIA - Senigallia e le sue Valli","og_description":"la Voce Misena 26 giugno 2014 10 settembre 2015 Corriere Adriatico 18 agosto 2018 due passi in collina Pongelli curiosit\u00e0 di \u2018campagna\u2019 ITINERARI La piccola frazione di Pongelli di Ostra Vetere custodisce l&#8217;area archeologica di Ostra Antica denominata &#8216;Le Muracce&#8217; e architetture molto originali. Con brevi deviazioni avremo modo di visitare tre diversi tipi di [&hellip;]","og_url":"https:\/\/www.slownews.it\/senigalliaelesuevalli\/2026\/08\/19\/ostra-vetere-2-larea-archeologica-delle-muracce-la-casa-di-terra-cruda-la-madonna-della-fiducia\/","og_site_name":"Senigallia e le sue Valli","article_published_time":"2026-08-19T04:50:00+00:00","article_modified_time":"2026-08-21T12:30:33+00:00","og_image":[{"width":800,"height":520,"url":"https:\/\/www.slownews.it\/senigalliaelesuevalli\/wp-content\/uploads\/2020\/04\/Ostra-Antica-campagna-di-scavo-archeologico-Le-Muracce-2018.jpg","type":"image\/jpeg"}],"author":"mariomariamolinari","twitter_card":"summary_large_image","twitter_misc":{"Scritto da":"mariomariamolinari","Tempo di lettura stimato":"17 minuti"},"schema":{"@context":"https:\/\/schema.org","@graph":[{"@type":"Article","@id":"https:\/\/www.slownews.it\/senigalliaelesuevalli\/2026\/08\/19\/ostra-vetere-2-larea-archeologica-delle-muracce-la-casa-di-terra-cruda-la-madonna-della-fiducia\/#article","isPartOf":{"@id":"https:\/\/www.slownews.it\/senigalliaelesuevalli\/2026\/08\/19\/ostra-vetere-2-larea-archeologica-delle-muracce-la-casa-di-terra-cruda-la-madonna-della-fiducia\/"},"author":{"name":"mariomariamolinari","@id":"https:\/\/www.slownews.it\/senigalliaelesuevalli\/#\/schema\/person\/9ed5db111ff143f9c10976c35f5c7370"},"headline":"OSTRA VETERE\/2 L\u2019AREA ARCHEOLOGICA DI OSTRA ANTICA (LE MURACCE), LA CASA DI TERRA CRUDA, LA MADONNA DELLA FIDUCIA","datePublished":"2026-08-19T04:50:00+00:00","dateModified":"2026-08-21T12:30:33+00:00","mainEntityOfPage":{"@id":"https:\/\/www.slownews.it\/senigalliaelesuevalli\/2026\/08\/19\/ostra-vetere-2-larea-archeologica-delle-muracce-la-casa-di-terra-cruda-la-madonna-della-fiducia\/"},"wordCount":2726,"commentCount":0,"image":{"@id":"https:\/\/www.slownews.it\/senigalliaelesuevalli\/2026\/08\/19\/ostra-vetere-2-larea-archeologica-delle-muracce-la-casa-di-terra-cruda-la-madonna-della-fiducia\/#primaryimage"},"thumbnailUrl":"https:\/\/www.slownews.it\/senigalliaelesuevalli\/wp-content\/uploads\/2020\/04\/Ostra-Antica-campagna-di-scavo-archeologico-Le-Muracce-2018.jpg","articleSection":["Ostra Vetere","tutti"],"inLanguage":"it-IT","potentialAction":[{"@type":"CommentAction","name":"Comment","target":["https:\/\/www.slownews.it\/senigalliaelesuevalli\/2026\/08\/19\/ostra-vetere-2-larea-archeologica-delle-muracce-la-casa-di-terra-cruda-la-madonna-della-fiducia\/#respond"]}]},{"@type":"WebPage","@id":"https:\/\/www.slownews.it\/senigalliaelesuevalli\/2026\/08\/19\/ostra-vetere-2-larea-archeologica-delle-muracce-la-casa-di-terra-cruda-la-madonna-della-fiducia\/","url":"https:\/\/www.slownews.it\/senigalliaelesuevalli\/2026\/08\/19\/ostra-vetere-2-larea-archeologica-delle-muracce-la-casa-di-terra-cruda-la-madonna-della-fiducia\/","name":"OSTRA VETERE\/2 L\u2019AREA ARCHEOLOGICA DI OSTRA ANTICA (LE MURACCE), LA CASA DI TERRA CRUDA, LA MADONNA DELLA FIDUCIA - Senigallia e le sue Valli","isPartOf":{"@id":"https:\/\/www.slownews.it\/senigalliaelesuevalli\/#website"},"primaryImageOfPage":{"@id":"https:\/\/www.slownews.it\/senigalliaelesuevalli\/2026\/08\/19\/ostra-vetere-2-larea-archeologica-delle-muracce-la-casa-di-terra-cruda-la-madonna-della-fiducia\/#primaryimage"},"image":{"@id":"https:\/\/www.slownews.it\/senigalliaelesuevalli\/2026\/08\/19\/ostra-vetere-2-larea-archeologica-delle-muracce-la-casa-di-terra-cruda-la-madonna-della-fiducia\/#primaryimage"},"thumbnailUrl":"https:\/\/www.slownews.it\/senigalliaelesuevalli\/wp-content\/uploads\/2020\/04\/Ostra-Antica-campagna-di-scavo-archeologico-Le-Muracce-2018.jpg","datePublished":"2026-08-19T04:50:00+00:00","dateModified":"2026-08-21T12:30:33+00:00","author":{"@id":"https:\/\/www.slownews.it\/senigalliaelesuevalli\/#\/schema\/person\/9ed5db111ff143f9c10976c35f5c7370"},"breadcrumb":{"@id":"https:\/\/www.slownews.it\/senigalliaelesuevalli\/2026\/08\/19\/ostra-vetere-2-larea-archeologica-delle-muracce-la-casa-di-terra-cruda-la-madonna-della-fiducia\/#breadcrumb"},"inLanguage":"it-IT","potentialAction":[{"@type":"ReadAction","target":["https:\/\/www.slownews.it\/senigalliaelesuevalli\/2026\/08\/19\/ostra-vetere-2-larea-archeologica-delle-muracce-la-casa-di-terra-cruda-la-madonna-della-fiducia\/"]}]},{"@type":"ImageObject","inLanguage":"it-IT","@id":"https:\/\/www.slownews.it\/senigalliaelesuevalli\/2026\/08\/19\/ostra-vetere-2-larea-archeologica-delle-muracce-la-casa-di-terra-cruda-la-madonna-della-fiducia\/#primaryimage","url":"https:\/\/www.slownews.it\/senigalliaelesuevalli\/wp-content\/uploads\/2020\/04\/Ostra-Antica-campagna-di-scavo-archeologico-Le-Muracce-2018.jpg","contentUrl":"https:\/\/www.slownews.it\/senigalliaelesuevalli\/wp-content\/uploads\/2020\/04\/Ostra-Antica-campagna-di-scavo-archeologico-Le-Muracce-2018.jpg","width":800,"height":520,"caption":"Ostra Antica campagna di scavo archeologico 'Le Muracce' 2018"},{"@type":"BreadcrumbList","@id":"https:\/\/www.slownews.it\/senigalliaelesuevalli\/2026\/08\/19\/ostra-vetere-2-larea-archeologica-delle-muracce-la-casa-di-terra-cruda-la-madonna-della-fiducia\/#breadcrumb","itemListElement":[{"@type":"ListItem","position":1,"name":"Home","item":"https:\/\/www.slownews.it\/senigalliaelesuevalli\/"},{"@type":"ListItem","position":2,"name":"OSTRA VETERE\/2 L\u2019AREA ARCHEOLOGICA DI OSTRA ANTICA (LE MURACCE), LA CASA DI TERRA CRUDA, LA MADONNA DELLA FIDUCIA"}]},{"@type":"WebSite","@id":"https:\/\/www.slownews.it\/senigalliaelesuevalli\/#website","url":"https:\/\/www.slownews.it\/senigalliaelesuevalli\/","name":"Senigallia e le sue Valli","description":"Una domenica dedicata alla bellezza, ovvero 100 pomeriggi a spasso per Senigallia e le sue valli","potentialAction":[{"@type":"SearchAction","target":{"@type":"EntryPoint","urlTemplate":"https:\/\/www.slownews.it\/senigalliaelesuevalli\/?s={search_term_string}"},"query-input":{"@type":"PropertyValueSpecification","valueRequired":true,"valueName":"search_term_string"}}],"inLanguage":"it-IT"},{"@type":"Person","@id":"https:\/\/www.slownews.it\/senigalliaelesuevalli\/#\/schema\/person\/9ed5db111ff143f9c10976c35f5c7370","name":"mariomariamolinari","image":{"@type":"ImageObject","inLanguage":"it-IT","@id":"https:\/\/secure.gravatar.com\/avatar\/603e30d9cde874ac211e98087492b61f6ad48d33dfebffdbd1d7de75541f4f96?s=96&d=mm&r=g","url":"https:\/\/secure.gravatar.com\/avatar\/603e30d9cde874ac211e98087492b61f6ad48d33dfebffdbd1d7de75541f4f96?s=96&d=mm&r=g","contentUrl":"https:\/\/secure.gravatar.com\/avatar\/603e30d9cde874ac211e98087492b61f6ad48d33dfebffdbd1d7de75541f4f96?s=96&d=mm&r=g","caption":"mariomariamolinari"},"url":"https:\/\/www.slownews.it\/senigalliaelesuevalli\/author\/mariomariamolinari\/"}]}},"jetpack_publicize_connections":[],"jetpack_sharing_enabled":true,"jetpack_shortlink":"https:\/\/wp.me\/pajINV-qG","jetpack_featured_media_url":"https:\/\/www.slownews.it\/senigalliaelesuevalli\/wp-content\/uploads\/2020\/04\/Ostra-Antica-campagna-di-scavo-archeologico-Le-Muracce-2018.jpg","_links":{"self":[{"href":"https:\/\/www.slownews.it\/senigalliaelesuevalli\/wp-json\/wp\/v2\/posts\/1654","targetHints":{"allow":["GET"]}}],"collection":[{"href":"https:\/\/www.slownews.it\/senigalliaelesuevalli\/wp-json\/wp\/v2\/posts"}],"about":[{"href":"https:\/\/www.slownews.it\/senigalliaelesuevalli\/wp-json\/wp\/v2\/types\/post"}],"author":[{"embeddable":true,"href":"https:\/\/www.slownews.it\/senigalliaelesuevalli\/wp-json\/wp\/v2\/users\/1"}],"replies":[{"embeddable":true,"href":"https:\/\/www.slownews.it\/senigalliaelesuevalli\/wp-json\/wp\/v2\/comments?post=1654"}],"version-history":[{"count":46,"href":"https:\/\/www.slownews.it\/senigalliaelesuevalli\/wp-json\/wp\/v2\/posts\/1654\/revisions"}],"predecessor-version":[{"id":3309,"href":"https:\/\/www.slownews.it\/senigalliaelesuevalli\/wp-json\/wp\/v2\/posts\/1654\/revisions\/3309"}],"wp:featuredmedia":[{"embeddable":true,"href":"https:\/\/www.slownews.it\/senigalliaelesuevalli\/wp-json\/wp\/v2\/media\/1683"}],"wp:attachment":[{"href":"https:\/\/www.slownews.it\/senigalliaelesuevalli\/wp-json\/wp\/v2\/media?parent=1654"}],"wp:term":[{"taxonomy":"category","embeddable":true,"href":"https:\/\/www.slownews.it\/senigalliaelesuevalli\/wp-json\/wp\/v2\/categories?post=1654"},{"taxonomy":"post_tag","embeddable":true,"href":"https:\/\/www.slownews.it\/senigalliaelesuevalli\/wp-json\/wp\/v2\/tags?post=1654"}],"curies":[{"name":"wp","href":"https:\/\/api.w.org\/{rel}","templated":true}]}}