{"id":359,"date":"2022-04-01T06:10:44","date_gmt":"2022-04-01T04:10:44","guid":{"rendered":"http:\/\/www.slownews.it\/senigalliaelesuevalli\/?p=359"},"modified":"2022-04-13T18:04:10","modified_gmt":"2022-04-13T16:04:10","slug":"senigallia-4-rocca-roveresca-2","status":"publish","type":"post","link":"https:\/\/www.slownews.it\/senigalliaelesuevalli\/2022\/04\/01\/senigallia-4-rocca-roveresca-2\/","title":{"rendered":"SENIGALLIA\/4  ROCCA ROVERESCA"},"content":{"rendered":"\n<p class=\"wp-block-paragraph\"><strong>la voce misena<\/strong><br>18 Febbraio 2016<br>25 Febbraio 2016<br><strong>due passi in citt\u00e0<\/strong><\/p>\n\n\n\n<p class=\"wp-block-paragraph\">Pi\u00f9 di un Castello<\/p>\n\n\n\n<p class=\"wp-block-paragraph\"><strong>ITINERARI<\/strong><\/p>\n\n\n\n<p class=\"wp-block-paragraph\"><strong>IL Castello come appare oggi \u00e8 il prodotto di un processo evolutivo verificatosi attraverso i secoli<\/strong><\/p>\n\n\n\n<p class=\"wp-block-paragraph\">La Voce Misena propone uno dei monumenti simbolo di Senigallia: la <strong>Rocca Roveresca<\/strong>. La vediamo oggi, come fu voluta da <strong>Giovanni Della Rovere Signore della citt\u00e0 dal 1474 al 1501<\/strong>. Fu progettata da <strong>Luciano Laurana<\/strong>, autore del Palazzo ducale di Urbino, e pi\u00f9 tardi da <strong>Baccio Pontelli.<\/strong><\/p>\n\n\n\n<p class=\"wp-block-paragraph\"><strong>Il monumento risulta articolato in due rocche l&#8217;una inglobata dentro l&#8217;altra: il corpo centrale destinato a residenza signorile \u00e8 circondato dalla costruzione destinata alla difesa militare.<\/strong><\/p>\n\n\n\n<p class=\"wp-block-paragraph\">Fulcro delle difese a mare, l\u2019attuale edificio \u00e8 il risultato della sovrapposizione di strutture difensive succedutesi nei secoli.<\/p>\n\n\n\n<figure class=\"wp-block-image\"><img loading=\"lazy\" decoding=\"async\" width=\"800\" height=\"520\" src=\"http:\/\/www.slownews.it\/senigalliaelesuevalli\/wp-content\/uploads\/2019\/07\/Rocca-Roveresca-di-Senigallia-lato-mare.jpg\" alt=\"Rocca Roveresca di Senigallia lato mare\" class=\"wp-image-367\" srcset=\"https:\/\/www.slownews.it\/senigalliaelesuevalli\/wp-content\/uploads\/2019\/07\/Rocca-Roveresca-di-Senigallia-lato-mare.jpg 800w, https:\/\/www.slownews.it\/senigalliaelesuevalli\/wp-content\/uploads\/2019\/07\/Rocca-Roveresca-di-Senigallia-lato-mare-300x195.jpg 300w, https:\/\/www.slownews.it\/senigalliaelesuevalli\/wp-content\/uploads\/2019\/07\/Rocca-Roveresca-di-Senigallia-lato-mare-768x499.jpg 768w\" sizes=\"auto, (max-width: 800px) 100vw, 800px\" \/><figcaption>Rocca Roveresca di Senigallia lato mare<\/figcaption><\/figure>\n\n\n\n<p class=\"wp-block-paragraph\"><strong>Fin dalla colonizzazione romana avvenuta indicativamente nel 290 a.C<\/strong>. I coloni romani sentirono l\u2019esigenza di fortificare Senigallia, e data la conformazione del luogo decisero di proteggere la citt\u00e0 da eventuali pericoli provenienti dal mare, difatti edificarono una torre fortificata tra la citt\u00e0 e il mare.<\/p>\n\n\n\n<p class=\"wp-block-paragraph\"><strong>La torre sorgeva in un luogo particolarmente protetto tra il fiume Misa e il torrente Penna, oggi interrato.<\/strong><\/p>\n\n\n\n<p class=\"wp-block-paragraph\"><strong>La prima costruzione comprendeva un\u2019unica torre a base quadrata costituita da blocchi d\u2019arenaria e tufo<\/strong>, la quale successivamente venne <strong>inglobata da un\u2019ulteriore torre medievale, costituita da pietra calcarea spugnosa<\/strong>, lavorata in grossi blocchi rettangolari bugnati, alcuni dei quali ora corrosi, ma in complesso molto ben conservati, in quanto anche quest\u2019ultima \u00e8 inglobata nelle successive ristrutturazioni che l\u2019hanno protetta dall\u2019azione erosiva degli agenti atmosferici.<\/p>\n\n\n\n<figure class=\"wp-block-image\"><img loading=\"lazy\" decoding=\"async\" width=\"800\" height=\"520\" src=\"http:\/\/www.slownews.it\/senigalliaelesuevalli\/wp-content\/uploads\/2019\/07\/Base-della-torre-inglobata-nella-Rocca-Roveresca-di-Senigallia.jpg\" alt=\"Base della torre inglobata nella Rocca Roveresca di Senigallia\" class=\"wp-image-370\" srcset=\"https:\/\/www.slownews.it\/senigalliaelesuevalli\/wp-content\/uploads\/2019\/07\/Base-della-torre-inglobata-nella-Rocca-Roveresca-di-Senigallia.jpg 800w, https:\/\/www.slownews.it\/senigalliaelesuevalli\/wp-content\/uploads\/2019\/07\/Base-della-torre-inglobata-nella-Rocca-Roveresca-di-Senigallia-300x195.jpg 300w, https:\/\/www.slownews.it\/senigalliaelesuevalli\/wp-content\/uploads\/2019\/07\/Base-della-torre-inglobata-nella-Rocca-Roveresca-di-Senigallia-768x499.jpg 768w\" sizes=\"auto, (max-width: 800px) 100vw, 800px\" \/><figcaption>Base della torre inglobata nella Rocca Roveresca di Senigallia<\/figcaption><\/figure>\n\n\n\n<p class=\"wp-block-paragraph\"><strong>Nel 1350 in seguito al cambiamento della residenza papale da Avignone a Roma, il cardinale spagnolo Albornoz venne incaricato di consolidare il potere pontificio nell\u2019Italia centrale, allora Stato della Chiesa, edificando numerose fortezze fra le quali la rocchetta di Senigallia.<\/strong><\/p>\n\n\n\n<p class=\"wp-block-paragraph\">Quando la famiglia <strong>Malatesta nel 1379<\/strong> acquisisce i territori di Senigallia riprendono i lavori alla rocca gi\u00e0 cominciati dall\u2019Albornoz.<\/p>\n\n\n\n<p class=\"wp-block-paragraph\">La sua struttura attuale \u00e8 dovuta alla volont\u00e0 di <strong>Giovanni Della Rovere<\/strong> che divenne il <strong>genero di Federico da Montefeltro<\/strong>, Duca di Urbino che mise a disposizione i migliori architetti del tempo.<\/p>\n\n\n\n<p class=\"wp-block-paragraph\"><strong>Luciano Laurana <\/strong>progetta e segue i lavori di costruzione del ponte levatoio che collega la rocca alla piazza antistante. Lo stesso progetta e realizza l\u2019appartamento ducale all\u2019interno della fortificazione ottenuta anche mozzando la torre malatestiana. Questo, venne <strong>ultimato nel 1479<\/strong>, fatto testimoniato dall\u2019apposizione degli stemmi, lavoro di rifinitura.<\/p>\n\n\n\n<p class=\"wp-block-paragraph\">Dopo la morte di Laurana, viene chiamato <strong>Baccio Pontelli, a cui si devono i quattro torrioni che circondano il corpo centrale rendendo la rocca unica nel suo genere.<\/strong> La splendida&nbsp; realizzazione avvenne in soli due anni, in quanto la minaccia \u201cdel turco\u201d si faceva sempre pi\u00f9 reale.<\/p>\n\n\n\n<figure class=\"wp-block-image\"><img loading=\"lazy\" decoding=\"async\" width=\"800\" height=\"520\" src=\"http:\/\/www.slownews.it\/senigalliaelesuevalli\/wp-content\/uploads\/2019\/07\/Emblema-di-Giovanni-Della-Rovere-allinterno-della-Rocca-Roveresca.jpg\" alt=\"Emblema di Giovanni Della Rovere all'interno della Rocca Roveresca\" class=\"wp-image-372\" srcset=\"https:\/\/www.slownews.it\/senigalliaelesuevalli\/wp-content\/uploads\/2019\/07\/Emblema-di-Giovanni-Della-Rovere-allinterno-della-Rocca-Roveresca.jpg 800w, https:\/\/www.slownews.it\/senigalliaelesuevalli\/wp-content\/uploads\/2019\/07\/Emblema-di-Giovanni-Della-Rovere-allinterno-della-Rocca-Roveresca-300x195.jpg 300w, https:\/\/www.slownews.it\/senigalliaelesuevalli\/wp-content\/uploads\/2019\/07\/Emblema-di-Giovanni-Della-Rovere-allinterno-della-Rocca-Roveresca-768x499.jpg 768w\" sizes=\"auto, (max-width: 800px) 100vw, 800px\" \/><figcaption>Emblema di Giovanni Della Rovere all&#8217;interno della Rocca Roveresca<\/figcaption><\/figure>\n\n\n\n<p class=\"wp-block-paragraph\">All\u2019interno e all\u2019esterno della fortificazione, nelle troniere, nelle architravi, negli stipiti, son ripetuti in continuazione i motti <strong>\u201cIo dux \u2013 Io pre \u201d<\/strong>, che stavano ad indicare <strong>\u201cGiovanni Duca di Sora \u2013 Giovanni Prefetto di Roma\u201d<\/strong>.<\/p>\n\n\n\n<figure class=\"wp-block-image\"><img loading=\"lazy\" decoding=\"async\" width=\"800\" height=\"520\" src=\"http:\/\/www.slownews.it\/senigalliaelesuevalli\/wp-content\/uploads\/2019\/07\/Emblema-Io-Pre-di-Giovanni-Della-Rovere-allinterno-della-Rocca-Roveresca.jpg\" alt=\"Emblema Io Pre di Giovanni Della Rovere all'interno della Rocca Roveresca\" class=\"wp-image-374\" srcset=\"https:\/\/www.slownews.it\/senigalliaelesuevalli\/wp-content\/uploads\/2019\/07\/Emblema-Io-Pre-di-Giovanni-Della-Rovere-allinterno-della-Rocca-Roveresca.jpg 800w, https:\/\/www.slownews.it\/senigalliaelesuevalli\/wp-content\/uploads\/2019\/07\/Emblema-Io-Pre-di-Giovanni-Della-Rovere-allinterno-della-Rocca-Roveresca-300x195.jpg 300w, https:\/\/www.slownews.it\/senigalliaelesuevalli\/wp-content\/uploads\/2019\/07\/Emblema-Io-Pre-di-Giovanni-Della-Rovere-allinterno-della-Rocca-Roveresca-768x499.jpg 768w\" sizes=\"auto, (max-width: 800px) 100vw, 800px\" \/><figcaption>Emblema Io Pre di Giovanni Della Rovere all&#8217;interno della Rocca Roveresca<\/figcaption><\/figure>\n\n\n\n<p class=\"wp-block-paragraph\"><strong>Come tutte le fortezze rinascimentali, pu\u00f2 sembrare, vista dall\u2019esterno, una struttura semplice e regolare. La sua complessit\u00e0 prende forma al suo interno, dove la dislocazione degli spazi risulta labirintica.<\/strong><\/p>\n\n\n\n<p class=\"wp-block-paragraph\">L\u2019apparente irregolarit\u00e0 degli spazi interni e dei percorsi \u00e8 una realt\u00e0 voluta e cercata dallo stesso Pontelli, con lo scopo di creare <strong>un senso di disorientamento per eventuali assalitori.<\/strong><\/p>\n\n\n\n<p class=\"wp-block-paragraph\">Il monumento risulta dunque articolato in due rocche, l\u2019una inglobata dentro all\u2019altra: <strong>il corpo centrale, destinato a residenza signorile, \u00e8 circondato dalla costruzione destinata alla difesa militare.<\/strong> Questo \u00e8 ci\u00f2 che contraddistingue la rocca senigalliese, unica nel suo genere.<\/p>\n\n\n\n<p class=\"wp-block-paragraph\">Il cortile consente una lettura delle quattro fasi principali vissute dalla Rocca:<br><strong>la prima del III secolo a.C.;<\/strong><br><strong>la seconda del XIV secolo;<\/strong><br><strong>la terza della met\u00e0 del XV secolo,<\/strong><br><strong>la quarta degli anni Ottanta del XV secolo.<\/strong><\/p>\n\n\n\n<p class=\"wp-block-paragraph\">Tra queste la ristrutturazione rinascimentale predomina sulle altre. Il cortile \u00e8 funzionalmente elemento di raccordo tra l\u2019ingresso dall\u2019esterno, dal quale si accede attraverso <strong>il ponte levatoio<\/strong>, <strong>la parte residenziale<\/strong> e <strong>quella militare<\/strong>. Appare tipicamente quattrocentesco poich\u00e9 fu ristrutturato in epoca roveresca per adempiere al <strong>duplice uso di cortile di casermaggio e di cortile di residenza<\/strong> con un pozzetto decentrato tipico del rinascimento, tuttavia esso conserva notevolissimi resti delle costruzioni precedenti.<\/p>\n\n\n\n<figure class=\"wp-block-image\"><img loading=\"lazy\" decoding=\"async\" width=\"800\" height=\"520\" src=\"http:\/\/www.slownews.it\/senigalliaelesuevalli\/wp-content\/uploads\/2019\/07\/Cisterna-dellacqua-nel-cortile-delle-Rocca-Roveresca-di-Senigallia.jpg\" alt=\"Cisterna dell'acqua nel cortile delle Rocca Roveresca di Senigallia\" class=\"wp-image-376\" srcset=\"https:\/\/www.slownews.it\/senigalliaelesuevalli\/wp-content\/uploads\/2019\/07\/Cisterna-dellacqua-nel-cortile-delle-Rocca-Roveresca-di-Senigallia.jpg 800w, https:\/\/www.slownews.it\/senigalliaelesuevalli\/wp-content\/uploads\/2019\/07\/Cisterna-dellacqua-nel-cortile-delle-Rocca-Roveresca-di-Senigallia-300x195.jpg 300w, https:\/\/www.slownews.it\/senigalliaelesuevalli\/wp-content\/uploads\/2019\/07\/Cisterna-dellacqua-nel-cortile-delle-Rocca-Roveresca-di-Senigallia-768x499.jpg 768w\" sizes=\"auto, (max-width: 800px) 100vw, 800px\" \/><figcaption>Cisterna dell&#8217;acqua nel cortile delle Rocca Roveresca di Senigallia<\/figcaption><\/figure>\n\n\n\n<p class=\"wp-block-paragraph\">Originariamente era anche presente un passaggio che collegava il cortile con il livello sottostante, garantendo una maggior comunicazione e aerazione. <strong>Di fronte all\u2019ingresso principale della Rocca Roveresca, possiamo vedere un muro della torre su cui si leggono tutte le vicende architettoniche della rocca<\/strong>: dalla base romana, alla prosecuzione della <strong>Rocchetta trecentesca<\/strong>, dovuta all\u2019opera del cardinal Albornoz intorno al 1350, alla <strong>prima rocca quattrocentesca<\/strong>, fatta costruire un secolo dopo da Sigismondo Pandolfo Malatesta, ai <strong>segni dell\u2019et\u00e0 roveresca<\/strong>, che consistono nel taglio in alto del maschio presente nelle precedenti costruzioni, in seguito alle <strong>nuove esigenze dovute all\u2019introduzione dell\u2019artiglieria<\/strong>.<\/p>\n\n\n\n<p class=\"wp-block-paragraph\">Questa parte della Rocca, frutto di molti cambiamenti succedutesi nel tempo, indica chiaramente che la zona su cui essa sorge \u00e8 sempre stata considerata <strong>punto strategico della citt\u00e0 per la costruzione di una fortificazione che costituisse il fulcro delle opere di difesa<\/strong>.<\/p>\n\n\n\n<p class=\"wp-block-paragraph\"><strong>Il muro con le arcate che si vede sul lato destro del cortile<\/strong> fa parte della cortina trecentesca, anche se esse furono rafforzate quando si rese necessario l\u2019ampliamento della sezione del muro difensivo per creare piani di spostamento per l\u2019artiglieria, in muratura, che sostituirono i camminamenti di legno.<\/p>\n\n\n\n<p class=\"wp-block-paragraph\"><strong>La cisterna della raccolta delle acque \u00e8 posta accanto al pozzetto quattrocentesco risale al XIV secolo<\/strong>. E&#8217; circolare con un andamento verticale leggermente a pigna. La sua collocazione di particolare bellezza e funzionalit\u00e0 ci permette di affermare che nei secoli l\u2019attuale cortile fu sempre destinato a spazio libero, pi\u00f9 o meno ampio, circondato da mura difensive.<\/p>\n\n\n\n<p class=\"wp-block-paragraph\">Analoga cosa si pu\u00f2 dire per <strong>l\u2019ingresso<\/strong>: esso in tutte le costruzioni ha mantenuto la stessa posizione, <strong>come dimostra l\u2019andamento delle mura difensive delle rocche precedenti.<\/strong> Ai vertici della struttura principale si sviluppano quattro torrioni.<\/p>\n\n\n\n<figure class=\"wp-block-image\"><img loading=\"lazy\" decoding=\"async\" width=\"800\" height=\"520\" src=\"http:\/\/www.slownews.it\/senigalliaelesuevalli\/wp-content\/uploads\/2019\/07\/Ingresso-della-Rocca-Roveresca-di-Senigallia-visto-dallinterno-del-cortile.jpg\" alt=\"Ingresso della Rocca Roveresca di Senigallia visto dall'interno del cortile\" class=\"wp-image-391\" srcset=\"https:\/\/www.slownews.it\/senigalliaelesuevalli\/wp-content\/uploads\/2019\/07\/Ingresso-della-Rocca-Roveresca-di-Senigallia-visto-dallinterno-del-cortile.jpg 800w, https:\/\/www.slownews.it\/senigalliaelesuevalli\/wp-content\/uploads\/2019\/07\/Ingresso-della-Rocca-Roveresca-di-Senigallia-visto-dallinterno-del-cortile-300x195.jpg 300w, https:\/\/www.slownews.it\/senigalliaelesuevalli\/wp-content\/uploads\/2019\/07\/Ingresso-della-Rocca-Roveresca-di-Senigallia-visto-dallinterno-del-cortile-768x499.jpg 768w\" sizes=\"auto, (max-width: 800px) 100vw, 800px\" \/><figcaption>Ingresso della Rocca Roveresca di Senigallia visto dall&#8217;interno del cortile<\/figcaption><\/figure>\n\n\n\n<p class=\"wp-block-paragraph\">Attraverso il vetro della struttura posta a difesa dell\u2019opera di restauro, <strong>si possono vedere i merli della prima rocca quattrocentesca e le strutture architettoniche che consentivano la mobilit\u00e0 del ponte levatoio<\/strong>.<\/p>\n\n\n\n<p class=\"wp-block-paragraph\">Fu Baccio Pontelli che circond\u00f2 la parte residenziale con la vera e propria struttura difensiva, <strong>di forma quadrilatera ai cui angoli sono posti quattro massicci torrioni circolari,<\/strong> collegati fra loro e con il corpo centrale, da un organico sistema di comunicazione, verticale e orizzontale.<\/p>\n\n\n\n<p class=\"wp-block-paragraph\">Per quanto riguarda la struttura interna, <strong>la zona residenziale si sviluppa su tre livelli, serviti da una scala a due rampe<\/strong>, con accesso dal cortile interno.<\/p>\n\n\n\n<p class=\"wp-block-paragraph\"><strong>Il livello inferiore era adibito alla guarnigione e all\u2019alloggiamento per gli ufficiali <\/strong>della milizia preposta alla difesa della rocca. In fondo al corridoio terminale di quest\u2019appartamento \u00e8 ancora possibile una rilettura delle fasi di costruzione e ristrutturazione della Rocca: quella trecentesca, malatestiana di cui si pu\u00f2 intravedere lo sperone sotto la grata, e roveresca.<\/p>\n\n\n\n<p class=\"wp-block-paragraph\"><strong>I locali superiori (tre saloni) erano riservati alla rappresentanza e alla residenza del Duca.<\/strong> La disposizione degli ambienti \u00e8 estremamente semplice, dato lo spazio molto limitato in quanto questa era considerata una residenza per i momenti di emergenza.<\/p>\n\n\n\n<figure class=\"wp-block-image\"><img loading=\"lazy\" decoding=\"async\" width=\"800\" height=\"520\" src=\"http:\/\/www.slownews.it\/senigalliaelesuevalli\/wp-content\/uploads\/2019\/07\/Interno-della-zona-residenziale-della-Rocca-Roveresca-di-Senigallia.jpg\" alt=\"Interno della zona residenziale della Rocca Roveresca di Senigallia\" class=\"wp-image-395\" srcset=\"https:\/\/www.slownews.it\/senigalliaelesuevalli\/wp-content\/uploads\/2019\/07\/Interno-della-zona-residenziale-della-Rocca-Roveresca-di-Senigallia.jpg 800w, https:\/\/www.slownews.it\/senigalliaelesuevalli\/wp-content\/uploads\/2019\/07\/Interno-della-zona-residenziale-della-Rocca-Roveresca-di-Senigallia-300x195.jpg 300w, https:\/\/www.slownews.it\/senigalliaelesuevalli\/wp-content\/uploads\/2019\/07\/Interno-della-zona-residenziale-della-Rocca-Roveresca-di-Senigallia-768x499.jpg 768w\" sizes=\"auto, (max-width: 800px) 100vw, 800px\" \/><figcaption>Interno della zona residenziale della Rocca Roveresca di Senigallia<\/figcaption><\/figure>\n\n\n\n<p class=\"wp-block-paragraph\"><strong>Si possono notare in questa sala i capitelli finemente lavorati, e sulla destra rispetto all\u2019ingresso, i due che raffigurano la sfinge non alata, emblema di Giovanni Della Rovere<\/strong>. Anche qui compaiono le scritte Io Dux &#8211; Io Pres che si riferiscono ai titoli maggiori che il Della Rovere ebbe: quello di Duca di Sora e quello di Prefetto di Roma.<\/p>\n\n\n\n<p class=\"wp-block-paragraph\"><strong>Il matrimonio con Giovanna Da Montefeltro comport\u00f2 l\u2019acquisizione, nello stemma roveresco, del cosiddetto \u201cquarto di parentela\u201d, cio\u00e8 delle bande azzurre e oro con l\u2019aquiletta della casata montefeltresca.<\/strong><\/p>\n\n\n\n<p class=\"wp-block-paragraph\">Questi stemmi sono inseriti al centro delle volte dei soffitti di questo appartamento e, a seconda che vi compaiono o no lo stemma dei montefeltro \u00e8 possibile risalire alla loro datazione. <strong>Infatti, prima del 1478, data del matrimonio, troviamo nell\u2019arme roveresca due roveri, uno dei quali sarebbe stato sostituito dalle bande urbinati.<\/strong> Il motivo delle foglie di rovere e delle ghiande \u00e8 presente sulle cornici delle porte e delle finestre.<\/p>\n\n\n\n<p class=\"wp-block-paragraph\"><strong>Di particolare interesse \u00e8 la cappellina<\/strong> di questo appartamento: essa \u00e8 a pianta quadrilatera sormontata da una cupola. Notevole \u00e8 la soluzione della smussatura degli angoli dei muri attraverso stucchi che conferisce alla cappellina un aspetto armonioso.<\/p>\n\n\n\n<figure class=\"wp-block-image\"><img loading=\"lazy\" decoding=\"async\" width=\"800\" height=\"520\" src=\"http:\/\/www.slownews.it\/senigalliaelesuevalli\/wp-content\/uploads\/2019\/07\/Cappellina-della-Rocca-Roveresca-di-Senigallia.jpg\" alt=\"Cappellina della Rocca Roveresca di Senigallia\" class=\"wp-image-397\" srcset=\"https:\/\/www.slownews.it\/senigalliaelesuevalli\/wp-content\/uploads\/2019\/07\/Cappellina-della-Rocca-Roveresca-di-Senigallia.jpg 800w, https:\/\/www.slownews.it\/senigalliaelesuevalli\/wp-content\/uploads\/2019\/07\/Cappellina-della-Rocca-Roveresca-di-Senigallia-300x195.jpg 300w, https:\/\/www.slownews.it\/senigalliaelesuevalli\/wp-content\/uploads\/2019\/07\/Cappellina-della-Rocca-Roveresca-di-Senigallia-768x499.jpg 768w\" sizes=\"auto, (max-width: 800px) 100vw, 800px\" \/><figcaption>Cappellina della Rocca Roveresca di Senigallia<\/figcaption><\/figure>\n\n\n\n<p class=\"wp-block-paragraph\">Il granaio era un locale di servizio della zona residenziale, caratterizzato soprattutto dalla presenza di un grosso serbatoio destinato probabilmente a contenere il grano necessario per i rifornimenti a coloro che risiedevano nella rocca particolarmente in caso di assedio.<\/p>\n\n\n\n<p class=\"wp-block-paragraph\"><strong>Nei sotterranei sono ubicate, in un locale quadrangolare le celle per i detenuti. <\/strong>Queste anguste prigioni furono ricavate da luoghi probabilmente strutturati in origine per essere cannoniere. Sono vere e proprie celle di morte, come si pu\u00f2 rilevare dalle piccole prese d\u2019aria che <strong>consentivano, pi\u00f9 che la sopravvivenza, una lenta agonia<\/strong>. Non \u00e8 possibile precisare quando sia avvenuta la trasformazione delle cannoniere in celle, probabilmente quando la rocca fu adibita a carcere.<\/p>\n\n\n\n<figure class=\"wp-block-image\"><img loading=\"lazy\" decoding=\"async\" width=\"800\" height=\"520\" src=\"http:\/\/www.slownews.it\/senigalliaelesuevalli\/wp-content\/uploads\/2019\/07\/Sotterranei-della-Rocca-Roveresca-di-Senigallia.jpg\" alt=\"Sotterranei della Rocca Roveresca di Senigallia\" class=\"wp-image-399\" srcset=\"https:\/\/www.slownews.it\/senigalliaelesuevalli\/wp-content\/uploads\/2019\/07\/Sotterranei-della-Rocca-Roveresca-di-Senigallia.jpg 800w, https:\/\/www.slownews.it\/senigalliaelesuevalli\/wp-content\/uploads\/2019\/07\/Sotterranei-della-Rocca-Roveresca-di-Senigallia-300x195.jpg 300w, https:\/\/www.slownews.it\/senigalliaelesuevalli\/wp-content\/uploads\/2019\/07\/Sotterranei-della-Rocca-Roveresca-di-Senigallia-768x499.jpg 768w\" sizes=\"auto, (max-width: 800px) 100vw, 800px\" \/><figcaption>Sotterranei della Rocca Roveresca di Senigallia<\/figcaption><\/figure>\n\n\n\n<p class=\"wp-block-paragraph\"><strong>Dal percorso per accedere al piano superiore \u00e8 visibile l\u2019antica torre difensiva costruita con pietra calcarea spugnosa lavorata in grossi blocchi rettangolari bugnati,<\/strong> alcuni dei quali corrosi ma in complesso molto ben conservati, in quanto la torre fu inglobata nelle successive ristrutturazioni che l\u2019hanno protetta dall\u2019azione corrosiva degli agenti atmosferici.<\/p>\n\n\n\n<figure class=\"wp-block-image\"><img loading=\"lazy\" decoding=\"async\" width=\"800\" height=\"520\" src=\"http:\/\/www.slownews.it\/senigalliaelesuevalli\/wp-content\/uploads\/2019\/07\/Scala-elicoidale-Rocca-Roveresca-di-Senigallia.jpg\" alt=\"Scala elicoidale Rocca Roveresca di Senigallia\" class=\"wp-image-379\" srcset=\"https:\/\/www.slownews.it\/senigalliaelesuevalli\/wp-content\/uploads\/2019\/07\/Scala-elicoidale-Rocca-Roveresca-di-Senigallia.jpg 800w, https:\/\/www.slownews.it\/senigalliaelesuevalli\/wp-content\/uploads\/2019\/07\/Scala-elicoidale-Rocca-Roveresca-di-Senigallia-300x195.jpg 300w, https:\/\/www.slownews.it\/senigalliaelesuevalli\/wp-content\/uploads\/2019\/07\/Scala-elicoidale-Rocca-Roveresca-di-Senigallia-768x499.jpg 768w\" sizes=\"auto, (max-width: 800px) 100vw, 800px\" \/><figcaption>Scala elicoidale Rocca Roveresca di Senigallia<\/figcaption><\/figure>\n\n\n\n<p class=\"wp-block-paragraph\">Per collegare questi ambienti venne realizzata <strong>una bellissima scala a chiocciola. Tutta realizzata in pietra bianca d\u2019Istria,<\/strong> essa \u00e8 sicuramente un particolare di grande pregio della struttura sia dal punto di vista stilistico che da quello ingegneristico.<\/p>\n\n\n\n<p class=\"wp-block-paragraph\"><strong><em>pagina a cura di Mario Maria Molinari<\/em><\/strong><\/p>\n","protected":false},"excerpt":{"rendered":"<p>la voce misena18 Febbraio 201625 Febbraio 2016due passi in citt\u00e0 Pi\u00f9 di un Castello ITINERARI IL Castello come appare oggi \u00e8 il prodotto di un processo evolutivo verificatosi attraverso i secoli La Voce Misena propone uno dei monumenti simbolo di Senigallia: la Rocca Roveresca. La vediamo oggi, come fu voluta da Giovanni Della Rovere Signore [&hellip;]<\/p>\n","protected":false},"author":1,"featured_media":366,"comment_status":"open","ping_status":"open","sticky":false,"template":"","format":"standard","meta":{"_jetpack_newsletter_access":"","_jetpack_dont_email_post_to_subs":false,"_jetpack_newsletter_tier_id":0,"_jetpack_memberships_contains_paywalled_content":false,"_jetpack_feature_clip_id":0,"_jetpack_memberships_contains_paid_content":false,"footnotes":"","jetpack_publicize_message":"","jetpack_publicize_feature_enabled":true,"jetpack_social_post_already_shared":true,"jetpack_social_options":{"image_generator_settings":{"template":"highway","default_image_id":0,"font":"","enabled":false},"version":2},"jetpack_post_was_ever_published":false},"categories":[21,26],"tags":[],"class_list":["post-359","post","type-post","status-publish","format-standard","has-post-thumbnail","hentry","category-senigallia","category-tutti"],"yoast_head":"<!-- This site is optimized with the Yoast SEO plugin v28.4 - https:\/\/yoast.com\/product\/yoast-seo-wordpress\/ -->\n<title>SENIGALLIA\/4 ROCCA ROVERESCA - Senigallia e le sue Valli<\/title>\n<meta name=\"robots\" content=\"index, follow, max-snippet:-1, max-image-preview:large, max-video-preview:-1\" \/>\n<link rel=\"canonical\" href=\"https:\/\/www.slownews.it\/senigalliaelesuevalli\/2022\/04\/01\/senigallia-4-rocca-roveresca-2\/\" \/>\n<meta property=\"og:locale\" content=\"it_IT\" \/>\n<meta property=\"og:type\" content=\"article\" \/>\n<meta property=\"og:title\" content=\"SENIGALLIA\/4 ROCCA ROVERESCA - Senigallia e le sue Valli\" \/>\n<meta property=\"og:description\" content=\"la voce misena18 Febbraio 201625 Febbraio 2016due passi in citt\u00e0 Pi\u00f9 di un Castello ITINERARI IL Castello come appare oggi \u00e8 il prodotto di un processo evolutivo verificatosi attraverso i secoli La Voce Misena propone uno dei monumenti simbolo di Senigallia: la Rocca Roveresca. La vediamo oggi, come fu voluta da Giovanni Della Rovere Signore [&hellip;]\" \/>\n<meta property=\"og:url\" content=\"https:\/\/www.slownews.it\/senigalliaelesuevalli\/2022\/04\/01\/senigallia-4-rocca-roveresca-2\/\" \/>\n<meta property=\"og:site_name\" content=\"Senigallia e le sue Valli\" \/>\n<meta property=\"article:published_time\" content=\"2022-04-01T04:10:44+00:00\" \/>\n<meta property=\"article:modified_time\" content=\"2022-04-13T16:04:10+00:00\" \/>\n<meta property=\"og:image\" content=\"https:\/\/www.slownews.it\/senigalliaelesuevalli\/wp-content\/uploads\/2019\/07\/Rocca-Roveresca-di-Senigallia.jpg\" \/>\n\t<meta property=\"og:image:width\" content=\"800\" \/>\n\t<meta property=\"og:image:height\" content=\"520\" \/>\n\t<meta property=\"og:image:type\" content=\"image\/jpeg\" \/>\n<meta name=\"author\" content=\"mariomariamolinari\" \/>\n<meta name=\"twitter:card\" content=\"summary_large_image\" \/>\n<meta name=\"twitter:label1\" content=\"Scritto da\" \/>\n\t<meta name=\"twitter:data1\" content=\"mariomariamolinari\" \/>\n\t<meta name=\"twitter:label2\" content=\"Tempo di lettura stimato\" \/>\n\t<meta name=\"twitter:data2\" content=\"8 minuti\" \/>\n<script type=\"application\/ld+json\" class=\"yoast-schema-graph\">{\"@context\":\"https:\\\/\\\/schema.org\",\"@graph\":[{\"@type\":\"Article\",\"@id\":\"https:\\\/\\\/www.slownews.it\\\/senigalliaelesuevalli\\\/2022\\\/04\\\/01\\\/senigallia-4-rocca-roveresca-2\\\/#article\",\"isPartOf\":{\"@id\":\"https:\\\/\\\/www.slownews.it\\\/senigalliaelesuevalli\\\/2022\\\/04\\\/01\\\/senigallia-4-rocca-roveresca-2\\\/\"},\"author\":{\"name\":\"mariomariamolinari\",\"@id\":\"https:\\\/\\\/www.slownews.it\\\/senigalliaelesuevalli\\\/#\\\/schema\\\/person\\\/9ed5db111ff143f9c10976c35f5c7370\"},\"headline\":\"SENIGALLIA\\\/4 ROCCA ROVERESCA\",\"datePublished\":\"2022-04-01T04:10:44+00:00\",\"dateModified\":\"2022-04-13T16:04:10+00:00\",\"mainEntityOfPage\":{\"@id\":\"https:\\\/\\\/www.slownews.it\\\/senigalliaelesuevalli\\\/2022\\\/04\\\/01\\\/senigallia-4-rocca-roveresca-2\\\/\"},\"wordCount\":1647,\"commentCount\":0,\"image\":{\"@id\":\"https:\\\/\\\/www.slownews.it\\\/senigalliaelesuevalli\\\/2022\\\/04\\\/01\\\/senigallia-4-rocca-roveresca-2\\\/#primaryimage\"},\"thumbnailUrl\":\"https:\\\/\\\/www.slownews.it\\\/senigalliaelesuevalli\\\/wp-content\\\/uploads\\\/2019\\\/07\\\/Rocca-Roveresca-di-Senigallia.jpg\",\"articleSection\":[\"Senigallia\",\"tutti\"],\"inLanguage\":\"it-IT\",\"potentialAction\":[{\"@type\":\"CommentAction\",\"name\":\"Comment\",\"target\":[\"https:\\\/\\\/www.slownews.it\\\/senigalliaelesuevalli\\\/2022\\\/04\\\/01\\\/senigallia-4-rocca-roveresca-2\\\/#respond\"]}]},{\"@type\":\"WebPage\",\"@id\":\"https:\\\/\\\/www.slownews.it\\\/senigalliaelesuevalli\\\/2022\\\/04\\\/01\\\/senigallia-4-rocca-roveresca-2\\\/\",\"url\":\"https:\\\/\\\/www.slownews.it\\\/senigalliaelesuevalli\\\/2022\\\/04\\\/01\\\/senigallia-4-rocca-roveresca-2\\\/\",\"name\":\"SENIGALLIA\\\/4 ROCCA ROVERESCA - Senigallia e le sue Valli\",\"isPartOf\":{\"@id\":\"https:\\\/\\\/www.slownews.it\\\/senigalliaelesuevalli\\\/#website\"},\"primaryImageOfPage\":{\"@id\":\"https:\\\/\\\/www.slownews.it\\\/senigalliaelesuevalli\\\/2022\\\/04\\\/01\\\/senigallia-4-rocca-roveresca-2\\\/#primaryimage\"},\"image\":{\"@id\":\"https:\\\/\\\/www.slownews.it\\\/senigalliaelesuevalli\\\/2022\\\/04\\\/01\\\/senigallia-4-rocca-roveresca-2\\\/#primaryimage\"},\"thumbnailUrl\":\"https:\\\/\\\/www.slownews.it\\\/senigalliaelesuevalli\\\/wp-content\\\/uploads\\\/2019\\\/07\\\/Rocca-Roveresca-di-Senigallia.jpg\",\"datePublished\":\"2022-04-01T04:10:44+00:00\",\"dateModified\":\"2022-04-13T16:04:10+00:00\",\"author\":{\"@id\":\"https:\\\/\\\/www.slownews.it\\\/senigalliaelesuevalli\\\/#\\\/schema\\\/person\\\/9ed5db111ff143f9c10976c35f5c7370\"},\"breadcrumb\":{\"@id\":\"https:\\\/\\\/www.slownews.it\\\/senigalliaelesuevalli\\\/2022\\\/04\\\/01\\\/senigallia-4-rocca-roveresca-2\\\/#breadcrumb\"},\"inLanguage\":\"it-IT\",\"potentialAction\":[{\"@type\":\"ReadAction\",\"target\":[\"https:\\\/\\\/www.slownews.it\\\/senigalliaelesuevalli\\\/2022\\\/04\\\/01\\\/senigallia-4-rocca-roveresca-2\\\/\"]}]},{\"@type\":\"ImageObject\",\"inLanguage\":\"it-IT\",\"@id\":\"https:\\\/\\\/www.slownews.it\\\/senigalliaelesuevalli\\\/2022\\\/04\\\/01\\\/senigallia-4-rocca-roveresca-2\\\/#primaryimage\",\"url\":\"https:\\\/\\\/www.slownews.it\\\/senigalliaelesuevalli\\\/wp-content\\\/uploads\\\/2019\\\/07\\\/Rocca-Roveresca-di-Senigallia.jpg\",\"contentUrl\":\"https:\\\/\\\/www.slownews.it\\\/senigalliaelesuevalli\\\/wp-content\\\/uploads\\\/2019\\\/07\\\/Rocca-Roveresca-di-Senigallia.jpg\",\"width\":800,\"height\":520,\"caption\":\"Rocca Roveresca di Senigallia\"},{\"@type\":\"BreadcrumbList\",\"@id\":\"https:\\\/\\\/www.slownews.it\\\/senigalliaelesuevalli\\\/2022\\\/04\\\/01\\\/senigallia-4-rocca-roveresca-2\\\/#breadcrumb\",\"itemListElement\":[{\"@type\":\"ListItem\",\"position\":1,\"name\":\"Home\",\"item\":\"https:\\\/\\\/www.slownews.it\\\/senigalliaelesuevalli\\\/\"},{\"@type\":\"ListItem\",\"position\":2,\"name\":\"SENIGALLIA\\\/4 ROCCA ROVERESCA\"}]},{\"@type\":\"WebSite\",\"@id\":\"https:\\\/\\\/www.slownews.it\\\/senigalliaelesuevalli\\\/#website\",\"url\":\"https:\\\/\\\/www.slownews.it\\\/senigalliaelesuevalli\\\/\",\"name\":\"Senigallia e le sue Valli\",\"description\":\"Una domenica dedicata alla bellezza, ovvero 100 pomeriggi a spasso per Senigallia e le sue valli\",\"potentialAction\":[{\"@type\":\"SearchAction\",\"target\":{\"@type\":\"EntryPoint\",\"urlTemplate\":\"https:\\\/\\\/www.slownews.it\\\/senigalliaelesuevalli\\\/?s={search_term_string}\"},\"query-input\":{\"@type\":\"PropertyValueSpecification\",\"valueRequired\":true,\"valueName\":\"search_term_string\"}}],\"inLanguage\":\"it-IT\"},{\"@type\":\"Person\",\"@id\":\"https:\\\/\\\/www.slownews.it\\\/senigalliaelesuevalli\\\/#\\\/schema\\\/person\\\/9ed5db111ff143f9c10976c35f5c7370\",\"name\":\"mariomariamolinari\",\"image\":{\"@type\":\"ImageObject\",\"inLanguage\":\"it-IT\",\"@id\":\"https:\\\/\\\/secure.gravatar.com\\\/avatar\\\/603e30d9cde874ac211e98087492b61f6ad48d33dfebffdbd1d7de75541f4f96?s=96&d=mm&r=g\",\"url\":\"https:\\\/\\\/secure.gravatar.com\\\/avatar\\\/603e30d9cde874ac211e98087492b61f6ad48d33dfebffdbd1d7de75541f4f96?s=96&d=mm&r=g\",\"contentUrl\":\"https:\\\/\\\/secure.gravatar.com\\\/avatar\\\/603e30d9cde874ac211e98087492b61f6ad48d33dfebffdbd1d7de75541f4f96?s=96&d=mm&r=g\",\"caption\":\"mariomariamolinari\"},\"url\":\"https:\\\/\\\/www.slownews.it\\\/senigalliaelesuevalli\\\/author\\\/mariomariamolinari\\\/\"}]}<\/script>\n<!-- \/ Yoast SEO plugin. -->","yoast_head_json":{"title":"SENIGALLIA\/4 ROCCA ROVERESCA - Senigallia e le sue Valli","robots":{"index":"index","follow":"follow","max-snippet":"max-snippet:-1","max-image-preview":"max-image-preview:large","max-video-preview":"max-video-preview:-1"},"canonical":"https:\/\/www.slownews.it\/senigalliaelesuevalli\/2022\/04\/01\/senigallia-4-rocca-roveresca-2\/","og_locale":"it_IT","og_type":"article","og_title":"SENIGALLIA\/4 ROCCA ROVERESCA - Senigallia e le sue Valli","og_description":"la voce misena18 Febbraio 201625 Febbraio 2016due passi in citt\u00e0 Pi\u00f9 di un Castello ITINERARI IL Castello come appare oggi \u00e8 il prodotto di un processo evolutivo verificatosi attraverso i secoli La Voce Misena propone uno dei monumenti simbolo di Senigallia: la Rocca Roveresca. La vediamo oggi, come fu voluta da Giovanni Della Rovere Signore [&hellip;]","og_url":"https:\/\/www.slownews.it\/senigalliaelesuevalli\/2022\/04\/01\/senigallia-4-rocca-roveresca-2\/","og_site_name":"Senigallia e le sue Valli","article_published_time":"2022-04-01T04:10:44+00:00","article_modified_time":"2022-04-13T16:04:10+00:00","og_image":[{"width":800,"height":520,"url":"https:\/\/www.slownews.it\/senigalliaelesuevalli\/wp-content\/uploads\/2019\/07\/Rocca-Roveresca-di-Senigallia.jpg","type":"image\/jpeg"}],"author":"mariomariamolinari","twitter_card":"summary_large_image","twitter_misc":{"Scritto da":"mariomariamolinari","Tempo di lettura stimato":"8 minuti"},"schema":{"@context":"https:\/\/schema.org","@graph":[{"@type":"Article","@id":"https:\/\/www.slownews.it\/senigalliaelesuevalli\/2022\/04\/01\/senigallia-4-rocca-roveresca-2\/#article","isPartOf":{"@id":"https:\/\/www.slownews.it\/senigalliaelesuevalli\/2022\/04\/01\/senigallia-4-rocca-roveresca-2\/"},"author":{"name":"mariomariamolinari","@id":"https:\/\/www.slownews.it\/senigalliaelesuevalli\/#\/schema\/person\/9ed5db111ff143f9c10976c35f5c7370"},"headline":"SENIGALLIA\/4 ROCCA ROVERESCA","datePublished":"2022-04-01T04:10:44+00:00","dateModified":"2022-04-13T16:04:10+00:00","mainEntityOfPage":{"@id":"https:\/\/www.slownews.it\/senigalliaelesuevalli\/2022\/04\/01\/senigallia-4-rocca-roveresca-2\/"},"wordCount":1647,"commentCount":0,"image":{"@id":"https:\/\/www.slownews.it\/senigalliaelesuevalli\/2022\/04\/01\/senigallia-4-rocca-roveresca-2\/#primaryimage"},"thumbnailUrl":"https:\/\/www.slownews.it\/senigalliaelesuevalli\/wp-content\/uploads\/2019\/07\/Rocca-Roveresca-di-Senigallia.jpg","articleSection":["Senigallia","tutti"],"inLanguage":"it-IT","potentialAction":[{"@type":"CommentAction","name":"Comment","target":["https:\/\/www.slownews.it\/senigalliaelesuevalli\/2022\/04\/01\/senigallia-4-rocca-roveresca-2\/#respond"]}]},{"@type":"WebPage","@id":"https:\/\/www.slownews.it\/senigalliaelesuevalli\/2022\/04\/01\/senigallia-4-rocca-roveresca-2\/","url":"https:\/\/www.slownews.it\/senigalliaelesuevalli\/2022\/04\/01\/senigallia-4-rocca-roveresca-2\/","name":"SENIGALLIA\/4 ROCCA ROVERESCA - Senigallia e le sue Valli","isPartOf":{"@id":"https:\/\/www.slownews.it\/senigalliaelesuevalli\/#website"},"primaryImageOfPage":{"@id":"https:\/\/www.slownews.it\/senigalliaelesuevalli\/2022\/04\/01\/senigallia-4-rocca-roveresca-2\/#primaryimage"},"image":{"@id":"https:\/\/www.slownews.it\/senigalliaelesuevalli\/2022\/04\/01\/senigallia-4-rocca-roveresca-2\/#primaryimage"},"thumbnailUrl":"https:\/\/www.slownews.it\/senigalliaelesuevalli\/wp-content\/uploads\/2019\/07\/Rocca-Roveresca-di-Senigallia.jpg","datePublished":"2022-04-01T04:10:44+00:00","dateModified":"2022-04-13T16:04:10+00:00","author":{"@id":"https:\/\/www.slownews.it\/senigalliaelesuevalli\/#\/schema\/person\/9ed5db111ff143f9c10976c35f5c7370"},"breadcrumb":{"@id":"https:\/\/www.slownews.it\/senigalliaelesuevalli\/2022\/04\/01\/senigallia-4-rocca-roveresca-2\/#breadcrumb"},"inLanguage":"it-IT","potentialAction":[{"@type":"ReadAction","target":["https:\/\/www.slownews.it\/senigalliaelesuevalli\/2022\/04\/01\/senigallia-4-rocca-roveresca-2\/"]}]},{"@type":"ImageObject","inLanguage":"it-IT","@id":"https:\/\/www.slownews.it\/senigalliaelesuevalli\/2022\/04\/01\/senigallia-4-rocca-roveresca-2\/#primaryimage","url":"https:\/\/www.slownews.it\/senigalliaelesuevalli\/wp-content\/uploads\/2019\/07\/Rocca-Roveresca-di-Senigallia.jpg","contentUrl":"https:\/\/www.slownews.it\/senigalliaelesuevalli\/wp-content\/uploads\/2019\/07\/Rocca-Roveresca-di-Senigallia.jpg","width":800,"height":520,"caption":"Rocca Roveresca di Senigallia"},{"@type":"BreadcrumbList","@id":"https:\/\/www.slownews.it\/senigalliaelesuevalli\/2022\/04\/01\/senigallia-4-rocca-roveresca-2\/#breadcrumb","itemListElement":[{"@type":"ListItem","position":1,"name":"Home","item":"https:\/\/www.slownews.it\/senigalliaelesuevalli\/"},{"@type":"ListItem","position":2,"name":"SENIGALLIA\/4 ROCCA ROVERESCA"}]},{"@type":"WebSite","@id":"https:\/\/www.slownews.it\/senigalliaelesuevalli\/#website","url":"https:\/\/www.slownews.it\/senigalliaelesuevalli\/","name":"Senigallia e le sue Valli","description":"Una domenica dedicata alla bellezza, ovvero 100 pomeriggi a spasso per Senigallia e le sue valli","potentialAction":[{"@type":"SearchAction","target":{"@type":"EntryPoint","urlTemplate":"https:\/\/www.slownews.it\/senigalliaelesuevalli\/?s={search_term_string}"},"query-input":{"@type":"PropertyValueSpecification","valueRequired":true,"valueName":"search_term_string"}}],"inLanguage":"it-IT"},{"@type":"Person","@id":"https:\/\/www.slownews.it\/senigalliaelesuevalli\/#\/schema\/person\/9ed5db111ff143f9c10976c35f5c7370","name":"mariomariamolinari","image":{"@type":"ImageObject","inLanguage":"it-IT","@id":"https:\/\/secure.gravatar.com\/avatar\/603e30d9cde874ac211e98087492b61f6ad48d33dfebffdbd1d7de75541f4f96?s=96&d=mm&r=g","url":"https:\/\/secure.gravatar.com\/avatar\/603e30d9cde874ac211e98087492b61f6ad48d33dfebffdbd1d7de75541f4f96?s=96&d=mm&r=g","contentUrl":"https:\/\/secure.gravatar.com\/avatar\/603e30d9cde874ac211e98087492b61f6ad48d33dfebffdbd1d7de75541f4f96?s=96&d=mm&r=g","caption":"mariomariamolinari"},"url":"https:\/\/www.slownews.it\/senigalliaelesuevalli\/author\/mariomariamolinari\/"}]}},"jetpack_publicize_connections":[],"jetpack_sharing_enabled":true,"jetpack_shortlink":"https:\/\/wp.me\/pajINV-5N","jetpack_featured_media_url":"https:\/\/www.slownews.it\/senigalliaelesuevalli\/wp-content\/uploads\/2019\/07\/Rocca-Roveresca-di-Senigallia.jpg","_links":{"self":[{"href":"https:\/\/www.slownews.it\/senigalliaelesuevalli\/wp-json\/wp\/v2\/posts\/359","targetHints":{"allow":["GET"]}}],"collection":[{"href":"https:\/\/www.slownews.it\/senigalliaelesuevalli\/wp-json\/wp\/v2\/posts"}],"about":[{"href":"https:\/\/www.slownews.it\/senigalliaelesuevalli\/wp-json\/wp\/v2\/types\/post"}],"author":[{"embeddable":true,"href":"https:\/\/www.slownews.it\/senigalliaelesuevalli\/wp-json\/wp\/v2\/users\/1"}],"replies":[{"embeddable":true,"href":"https:\/\/www.slownews.it\/senigalliaelesuevalli\/wp-json\/wp\/v2\/comments?post=359"}],"version-history":[{"count":21,"href":"https:\/\/www.slownews.it\/senigalliaelesuevalli\/wp-json\/wp\/v2\/posts\/359\/revisions"}],"predecessor-version":[{"id":401,"href":"https:\/\/www.slownews.it\/senigalliaelesuevalli\/wp-json\/wp\/v2\/posts\/359\/revisions\/401"}],"wp:featuredmedia":[{"embeddable":true,"href":"https:\/\/www.slownews.it\/senigalliaelesuevalli\/wp-json\/wp\/v2\/media\/366"}],"wp:attachment":[{"href":"https:\/\/www.slownews.it\/senigalliaelesuevalli\/wp-json\/wp\/v2\/media?parent=359"}],"wp:term":[{"taxonomy":"category","embeddable":true,"href":"https:\/\/www.slownews.it\/senigalliaelesuevalli\/wp-json\/wp\/v2\/categories?post=359"},{"taxonomy":"post_tag","embeddable":true,"href":"https:\/\/www.slownews.it\/senigalliaelesuevalli\/wp-json\/wp\/v2\/tags?post=359"}],"curies":[{"name":"wp","href":"https:\/\/api.w.org\/{rel}","templated":true}]}}